{"id":39059,"date":"2019-02-21T14:25:56","date_gmt":"2019-02-21T13:25:56","guid":{"rendered":"https:\/\/alzira.es\/alzira-acoge-los-mejores-halteras-este-fin-de-semana\/"},"modified":"2019-02-21T14:25:56","modified_gmt":"2019-02-21T13:25:56","slug":"alzira-acoge-los-mejores-halteras-este-fin-de-semana","status":"publish","type":"post","link":"https:\/\/alzira.es\/es\/alzira-acoge-los-mejores-halteras-este-fin-de-semana\/","title":{"rendered":"Alzira acoge los mejores halteras este fin de semana"},"content":{"rendered":"<p style=\"text-align: justify;\"><strong><a href=\"https:\/\/alzira.es\/wp-content\/uploads\/2019\/02\/IMG_9468.jpg\" target=\"_blank\" rel=\"noopener\"><img fetchpriority=\"high\" decoding=\"async\" class=\" alignleft size-full wp-image-39052\" style=\"margin-right: 10px; float: left;\" title=\"Alzira acoge los mejores halteras este fin de semana\" src=\"https:\/\/alzira.es\/wp-content\/uploads\/2019\/02\/IMG_9468.jpg\" alt=\"IMG 9468\" width=\"600\" height=\"400\" \/><\/a>Alzira, 21 de febrero de 2019.-<\/strong> Hoy se ha presentado en rueda de prensa la XVII Copa de Espa\u00f1a de Halterofilia, que se celebrar\u00e1 en el pabell\u00f3n P\u00e9rez Puig de Alzira el pr\u00f3ximo s\u00e1bado 23 de febrero. Al acto han asistido el alcalde de Alzira, Diego G\u00f3mez; el presidente de la Federaci\u00f3n Espa\u00f1ola de Halterofilia, Emilio Estarlik; y la presidenta del Club de Halterofilia de Alzira, M\u00f3nica Carri\u00f3.<\/p>\n<p style=\"text-align: justify;\">Los mejores halteras de Espa\u00f1a luchar\u00e1n para conseguir una plaza este a\u00f1o e intentar clasificarse para Tokio 2020. Se trata de una prueba del m\u00e1s alto nivel deportivo, que contar\u00e1 con atletas como Lydia Valent\u00edn, Andr\u00e9s Mata o Josu\u00e9 Brachi, figuras de la halterofilia espa\u00f1ola reunidas para rememorar nuestra gran estrella alzire\u00f1a, Lorenzo Carri\u00f3. \u00abLorenzo reflejaba los valores del deporte. Nuestra ciudad est\u00e1 en el mundo gracias a la halterofilia y sobre todo a Lorenzo\u00bb, asegura G\u00f3mez.<\/p>\n<p style=\"text-align: justify;\">La competici\u00f3n supondr\u00e1 una toma de marcas para seleccionar el equipo espa\u00f1ol que competir\u00e1 en el Campeonato Europeo 2019. Se disputar\u00e1 en 4 tandas, que tendr\u00e1n lugar a las 10.00 h, 11.30 h, 13.00 y 16.15 h. y en las que participar\u00e1n un total de 26 halteras. La jornada finalizar\u00e1 con la inauguraci\u00f3n de la tarima \u00abLorenzo Carri\u00f3\u00bb, que se trasladar\u00e1 desde su ubicaci\u00f3n habitual en el pabell\u00f3n Juli\u00e1n Perea hasta el P\u00e9rez Puig. El homenaje estar\u00e1 conducido por David Chord\u00e0, amigo de la familia y autor de libro con la historia del Club, publicado el pasado 2011. El acto finalizar\u00e1 con la entrega de trofeos al finalizar el homenaje.<\/p>\n<p style=\"text-align: justify;\">Por su parte, M\u00f3nica Carri\u00f3 ha agradecido al Ayuntamiento, la Concejal\u00eda de Deportes, que dirige Aida Ginestar y la Federaci\u00f3n su colaboraci\u00f3n para poder llevar a Alzira esta competici\u00f3n en memoria de su hermano \u00abQuiero destacar la gran respuesta del mundo de la halterofilia que ha dado su apoyo al memorial, tanto desde el punto de vista de los atletas, clubes, jueces e incluso patrocinadores que no han dudado en apoyar, por Lorenzo\u00bb.<\/p>\n<p style=\"text-align: justify;\">Carri\u00f3, que tambi\u00e9n fue junto con su hermano una deportista ol\u00edmpica, remarc\u00f3 la participaci\u00f3n de los atletas locales como Tom\u00e1s Sanchis y Alba S\u00e1nchez \u00abest\u00e1n muy bien preparados y seguro que tienen una gran participaci\u00f3n\u00bb. Adem\u00e1s, ha manifestado la importancia de poder vivir en nuestra ciudad un evento de esta importancia que fomenta la ilusi\u00f3n de las bases del deporte.<\/p>\n<p style=\"text-align: justify;\">La organizaci\u00f3n ha confirmado la asistencia aproximadamente de 60 personas, entre entrenadores y deportistas.<\/p>\n<p style=\"text-align: justify;\">El Ayuntamiento ha puesto a disposici\u00f3n de la ciudadan\u00eda un servicio gratuito de autob\u00fas que saldr\u00e1 desde la plaza del Reino al pabell\u00f3n P\u00e9rez Puig, media hora antes de cada tanda, a las 9.30, 11:00, 12.30 y 15.45 horas. Del mismo modo se podr\u00e1 hacer uso del bus desde el pabell\u00f3n hasta la plaza del Reino.<\/p>\n<p style=\"text-align: justify;\"><strong>LUGAR Y D\u00cdA:<\/strong> el pr\u00f3ximo 23 de febrero de 2019 en el pabell\u00f3n P\u00e9rez Puig de Alzira en la calle Ronda de Algemes\u00ed, 0 <span style=\"color: #0000ff;\">https:\/\/goo.gl\/maps\/zBEJgd8vDpC2<\/span><br \/><strong>HORARIOS DE LAS COMPETICIONES:<\/strong> a las 10.00 h, 11.30 h, 13.00 y 16.15 h<br \/>El acto de entrega de trofeos y la inauguraci\u00f3n de la tarima a nombre de Lorenzo Carri\u00f3, se realizar\u00e1n al finalizar la competici\u00f3n de las 16.15 horas. (Aproximadamente sobre las 17.30 de la tarde).<\/p>\n<p style=\"text-align: justify;\"><strong>ASISTENTES<\/strong><br \/>Han confirmado la asistencia al evento:<br \/>\u2022 Presidente de la Federaci\u00f3n Espa\u00f1ola de Halterofilia<br \/>\u2022 Representantes de la Generalitat y del Ayuntamiento<br \/>\u2022 Deportistas de renombre como Alicia Chaveli, campeona de Espa\u00f1a Ultra Trail de la FEDME o Jose Antonio Mar\u00edn Gay (atletismo, mejor deportista local 2017), Vicente Mart\u00ednez (nadador Agius abiertas), Selina Moreno (nadadora de aguas abiertas. Triple corona de nataci\u00f3n) Ruth Aguilar (halterofilia adaptada, bronce europeo)<\/p>\n<p style=\"text-align: justify;\"><strong>COBERTURA DE LA LIGA SPORTS<\/strong><br \/>El evento estar\u00e1 cubierto por La Liga Sports a trav\u00e9s de los siguientes enlaces.<br \/><span style=\"color: #0000ff;\">https:\/\/www.youtube.com\/watch?v=ve9COTAcHIw<\/span> TANDA MA\u00d1ANA<br \/><span style=\"color: #0000ff;\">https:\/\/www.youtube.com\/watch?v=pbQaXaRPcZk<\/span> TANDA TARDE<\/p>\n<p style=\"text-align: justify;\"><strong>LORENZO CARRI\u00d3<\/strong><br \/>Distinci\u00f3n M\u00e9rito Deportivo de la Generalitat Valenciana (Valencia, 2018), recogido por su hijo Lorenzo Carri\u00f3 Ferrer.<br \/>Medalla de Bronce de la Real Orden del M\u00e9rito Deportivo por su extensa trayectoria deportiva (2015).<br \/>Alcanz\u00f3 durante diecisiete a\u00f1os consecutivos el t\u00edtulo de Campe\u00f3n de Espa\u00f1a, desde 1988 hasta 2004, ambos inclusive. Bati\u00f3 todos los records nacionales dentro de su categor\u00eda. Fue el primer haltera espa\u00f1ol en superar la barrera de los 200 kg en la modalidad de dos tiempos en China 1995, siendo el \u00fanico atleta representante de la halterofilia espa\u00f1ola en los Juegos Ol\u00edmpicos de Atlanta 1996.<br \/>Tras su retirada, continu\u00f3 vinculado a la halterofilia, como entrenador en el Club Halterofilia Alzira, y como presidente de la Federaci\u00f3n de Halterofilia de la Comunidad Valenciana.<\/p>\n<p style=\"text-align: justify;\"><strong>PARTICIPANTES<\/strong><\/p>\n<p style=\"text-align: justify;\"><a href=\"https:\/\/alzira.es\/wp-content\/uploads\/2019\/02\/participants.PNG\" target=\"_blank\" rel=\"noopener\"><strong><img decoding=\"async\" width=\"733\" height=\"701\" class=\"size-full wp-image-39054 lazyload\" data-src=\"https:\/\/alzira.es\/wp-content\/uploads\/2019\/02\/participants.PNG\" alt=\"participants\" data-srcset=\"https:\/\/alzira.es\/wp-content\/uploads\/2019\/02\/participants.PNG 733w, https:\/\/alzira.es\/wp-content\/uploads\/2019\/02\/participants-533x510.png 533w\" data-sizes=\"(max-width: 733px) 100vw, 733px\" src=\"data:image\/svg+xml;base64,PHN2ZyB3aWR0aD0iMSIgaGVpZ2h0PSIxIiB4bWxucz0iaHR0cDovL3d3dy53My5vcmcvMjAwMC9zdmciPjwvc3ZnPg==\" style=\"--smush-placeholder-width: 733px; --smush-placeholder-aspect-ratio: 733\/701;\" \/><\/strong><\/a><br \/><strong>JUECES<\/strong><br \/>Adem\u00e1s de los indicados en la parrilla finalmente tambi\u00e9n participar\u00e1 Juli\u00e1n Perea.<\/p>\n<p style=\"text-align: justify;\"><a href=\"https:\/\/alzira.es\/wp-content\/uploads\/2019\/02\/jutges.PNG\" target=\"_blank\" rel=\"noopener\"><img decoding=\"async\" class=\"size-full wp-image-39057 lazyload\" data-src=\"https:\/\/alzira.es\/wp-content\/uploads\/2019\/02\/jutges.PNG\" alt=\"jutges\" width=\"1000\" height=\"244\" data-srcset=\"https:\/\/alzira.es\/wp-content\/uploads\/2019\/02\/jutges.PNG 1134w, https:\/\/alzira.es\/wp-content\/uploads\/2019\/02\/jutges-680x166.png 680w, https:\/\/alzira.es\/wp-content\/uploads\/2019\/02\/jutges-768x188.png 768w\" data-sizes=\"(max-width: 706px) 89vw, (max-width: 767px) 82vw, 740px\" src=\"data:image\/svg+xml;base64,PHN2ZyB3aWR0aD0iMSIgaGVpZ2h0PSIxIiB4bWxucz0iaHR0cDovL3d3dy53My5vcmcvMjAwMC9zdmciPjwvc3ZnPg==\" style=\"--smush-placeholder-width: 1000px; --smush-placeholder-aspect-ratio: 1000\/244;\" \/><\/a><\/p>\n","protected":false},"excerpt":{"rendered":"<p>Alzira, 21 de febrero de 2019.- Hoy se ha presentado en rueda de prensa la XVII Copa de Espa\u00f1a de Halterofilia, que se celebrar\u00e1 en el pabell\u00f3n P\u00e9rez Puig de Alzira el pr\u00f3ximo s\u00e1bado 23 de febrero. Al acto han asistido el alcalde de Alzira, Diego G\u00f3mez; el presidente de la Federaci\u00f3n Espa\u00f1ola de Halterofilia, &hellip; <\/p>\n<p class=\"link-more\"><a href=\"https:\/\/alzira.es\/es\/alzira-acoge-los-mejores-halteras-este-fin-de-semana\/\" class=\"more-link\">Continuar leyendo<span class=\"screen-reader-text\"> \u00abAlzira acoge los mejores halteras este fin de semana\u00bb<\/span><\/a><\/p>\n","protected":false},"author":12,"featured_media":39052,"comment_status":"","ping_status":"","sticky":false,"template":"","format":"standard","meta":{"_acf_changed":false,"footnotes":""},"categories":[4936],"tags":[],"class_list":["post-39059","post","type-post","status-publish","format-standard","has-post-thumbnail","hentry","category-hemeroteca-es"],"acf":[],"_links":{"self":[{"href":"https:\/\/alzira.es\/es\/wp-json\/wp\/v2\/posts\/39059","targetHints":{"allow":["GET"]}}],"collection":[{"href":"https:\/\/alzira.es\/es\/wp-json\/wp\/v2\/posts"}],"about":[{"href":"https:\/\/alzira.es\/es\/wp-json\/wp\/v2\/types\/post"}],"author":[{"embeddable":true,"href":"https:\/\/alzira.es\/es\/wp-json\/wp\/v2\/users\/12"}],"replies":[{"embeddable":true,"href":"https:\/\/alzira.es\/es\/wp-json\/wp\/v2\/comments?post=39059"}],"version-history":[{"count":0,"href":"https:\/\/alzira.es\/es\/wp-json\/wp\/v2\/posts\/39059\/revisions"}],"wp:featuredmedia":[{"embeddable":true,"href":"https:\/\/alzira.es\/es\/wp-json\/wp\/v2\/media\/39052"}],"wp:attachment":[{"href":"https:\/\/alzira.es\/es\/wp-json\/wp\/v2\/media?parent=39059"}],"wp:term":[{"taxonomy":"category","embeddable":true,"href":"https:\/\/alzira.es\/es\/wp-json\/wp\/v2\/categories?post=39059"},{"taxonomy":"post_tag","embeddable":true,"href":"https:\/\/alzira.es\/es\/wp-json\/wp\/v2\/tags?post=39059"}],"curies":[{"name":"wp","href":"https:\/\/api.w.org\/{rel}","templated":true}]}}