{"id":39050,"date":"2019-02-20T16:00:00","date_gmt":"2019-02-20T15:00:00","guid":{"rendered":"https:\/\/alzira.es\/el-regidor-de-gestio-urbanistica-es-reunix-amb-els-veins-del-carrer-mariano-benlliure-d-alzira\/"},"modified":"2019-02-20T16:00:00","modified_gmt":"2019-02-20T15:00:00","slug":"el-regidor-de-gestio-urbanistica-es-reunix-amb-els-veins-del-carrer-mariano-benlliure-d-alzira","status":"publish","type":"post","link":"https:\/\/alzira.es\/es\/el-regidor-de-gestio-urbanistica-es-reunix-amb-els-veins-del-carrer-mariano-benlliure-d-alzira\/","title":{"rendered":"El regidor de Gesti\u00f3 Urban\u00edstica es reunix amb els ve\u00efns del carrer Mariano Benlliure d\u2019Alzira"},"content":{"rendered":"<p style=\"text-align: justify;\"><strong><a href=\"https:\/\/alzira.es\/wp-content\/uploads\/2019\/02\/20190220_110600.jpg\" target=\"_blank\" rel=\"noopener\"><img fetchpriority=\"high\" decoding=\"async\" class=\" alignleft size-full wp-image-39045\" style=\"margin-right: 10px; float: left;\" title=\"El regidor de Gesti\u00f3 Urban\u00edstica es reunix amb els ve\u00efns del carrer Mariano Benlliure d\u2019Alzira\" src=\"https:\/\/alzira.es\/wp-content\/uploads\/2019\/02\/20190220_110600.jpg\" alt=\"20190220 110600\" width=\"600\" height=\"450\" srcset=\"https:\/\/alzira.es\/wp-content\/uploads\/2019\/02\/20190220_110600.jpg 1200w, https:\/\/alzira.es\/wp-content\/uploads\/2019\/02\/20190220_110600-680x510.jpg 680w, https:\/\/alzira.es\/wp-content\/uploads\/2019\/02\/20190220_110600-768x576.jpg 768w\" sizes=\"(max-width: 600px) 100vw, 600px\" \/><\/a>Alzira, 20 de febrer de 2019 \u2013<\/strong> Durant el mat\u00ed de dimecres, el regidor de Gesti\u00f3 Urban\u00edstica, Fernando Pascual, s&#8217;ha reunit amb els ve\u00efns del carrer Mariano Benlliure, junt a la t\u00e8cnica d&#8217;obres i projectes, per tal de tractar el tema de les obres que milloraran el paviment d&#8217;este carrer i aix\u00ed posar una data a l&#8217;inici de les actuacions.<\/p>\n<p style=\"text-align: justify;\">\u00abL&#8217;objectiu d&#8217;estes obres de pavimentaci\u00f3, no \u00e9s una altra que continuar millorant el tr\u00e0nsit i l&#8217;accessibilitat en els carrers de la ciutat. Des de la nostra regidoria apostem per fer una ciutat c\u00f2moda i accessible atenent a les necessitats i peticions dels ciutadans i ciutadanes, i en eixa l\u00ednia continuem treballant, millorant els nostres carrers i l&#8217;accessibilitat sempre pel b\u00e9 de la poblaci\u00f3, i com he dit alguna volta, aconseguir una ciutat actual, eliminant obstacles i obrint espais.\u00bb Assegura el regidor, Fernando Pascual.<\/p>\n<p style=\"text-align: justify;\">&nbsp;<\/p>\n","protected":false},"excerpt":{"rendered":"<p>Alzira, 20 de febrer de 2019 \u2013 Durant el mat\u00ed de dimecres, el regidor de Gesti\u00f3 Urban\u00edstica, Fernando Pascual, s&#8217;ha reunit amb els ve\u00efns del carrer Mariano Benlliure, junt a la t\u00e8cnica d&#8217;obres i projectes, per tal de tractar el tema de les obres que milloraran el paviment d&#8217;este carrer i aix\u00ed posar una data &hellip; <\/p>\n<p class=\"link-more\"><a href=\"https:\/\/alzira.es\/es\/el-regidor-de-gestio-urbanistica-es-reunix-amb-els-veins-del-carrer-mariano-benlliure-d-alzira\/\" class=\"more-link\">Continuar leyendo<span class=\"screen-reader-text\"> \u00abEl regidor de Gesti\u00f3 Urban\u00edstica es reunix amb els ve\u00efns del carrer Mariano Benlliure d\u2019Alzira\u00bb<\/span><\/a><\/p>\n","protected":false},"author":12,"featured_media":39045,"comment_status":"","ping_status":"","sticky":false,"template":"","format":"standard","meta":{"_acf_changed":false,"footnotes":""},"categories":[],"tags":[],"class_list":["post-39050","post","type-post","status-publish","format-standard","has-post-thumbnail","hentry"],"acf":[],"_links":{"self":[{"href":"https:\/\/alzira.es\/es\/wp-json\/wp\/v2\/posts\/39050","targetHints":{"allow":["GET"]}}],"collection":[{"href":"https:\/\/alzira.es\/es\/wp-json\/wp\/v2\/posts"}],"about":[{"href":"https:\/\/alzira.es\/es\/wp-json\/wp\/v2\/types\/post"}],"author":[{"embeddable":true,"href":"https:\/\/alzira.es\/es\/wp-json\/wp\/v2\/users\/12"}],"replies":[{"embeddable":true,"href":"https:\/\/alzira.es\/es\/wp-json\/wp\/v2\/comments?post=39050"}],"version-history":[{"count":0,"href":"https:\/\/alzira.es\/es\/wp-json\/wp\/v2\/posts\/39050\/revisions"}],"wp:featuredmedia":[{"embeddable":true,"href":"https:\/\/alzira.es\/es\/wp-json\/wp\/v2\/media\/39045"}],"wp:attachment":[{"href":"https:\/\/alzira.es\/es\/wp-json\/wp\/v2\/media?parent=39050"}],"wp:term":[{"taxonomy":"category","embeddable":true,"href":"https:\/\/alzira.es\/es\/wp-json\/wp\/v2\/categories?post=39050"},{"taxonomy":"post_tag","embeddable":true,"href":"https:\/\/alzira.es\/es\/wp-json\/wp\/v2\/tags?post=39050"}],"curies":[{"name":"wp","href":"https:\/\/api.w.org\/{rel}","templated":true}]}}