{"id":39044,"date":"2019-02-20T14:11:52","date_gmt":"2019-02-20T13:11:52","guid":{"rendered":"https:\/\/alzira.es\/l-ajuntament-d-alzira-quantifica-en-2-1-milions-d-euros-els-danys-de-la-ultima-barrancada\/"},"modified":"2019-02-20T14:11:52","modified_gmt":"2019-02-20T13:11:52","slug":"l-ajuntament-d-alzira-quantifica-en-2-1-milions-d-euros-els-danys-de-la-ultima-barrancada","status":"publish","type":"post","link":"https:\/\/alzira.es\/es\/l-ajuntament-d-alzira-quantifica-en-2-1-milions-d-euros-els-danys-de-la-ultima-barrancada\/","title":{"rendered":"L\u2019Ajuntament d\u2019Alzira quantifica en 2,1 milions d\u2019euros els danys de la \u00faltima barrancada"},"content":{"rendered":"<p style=\"text-align: justify;\"><strong><a href=\"https:\/\/alzira.es\/wp-content\/uploads\/2019\/02\/IMG-20181116-WA0086_1.jpg\" target=\"_blank\" rel=\"noopener\"><img fetchpriority=\"high\" decoding=\"async\" class=\" alignleft size-full wp-image-39039\" style=\"margin-right: 10px; float: left;\" title=\"L\u2019Ajuntament d\u2019Alzira quantifica en 2,1 milions d\u2019euros els danys de la \u00faltima barrancada\" src=\"https:\/\/alzira.es\/wp-content\/uploads\/2019\/02\/IMG-20181116-WA0086_1.jpg\" alt=\"IMG-20181116-WA0086 1\" width=\"600\" height=\"360\" srcset=\"https:\/\/alzira.es\/wp-content\/uploads\/2019\/02\/IMG-20181116-WA0086_1.jpg 1600w, https:\/\/alzira.es\/wp-content\/uploads\/2019\/02\/IMG-20181116-WA0086_1-680x408.jpg 680w, https:\/\/alzira.es\/wp-content\/uploads\/2019\/02\/IMG-20181116-WA0086_1-1430x858.jpg 1430w, https:\/\/alzira.es\/wp-content\/uploads\/2019\/02\/IMG-20181116-WA0086_1-768x461.jpg 768w, https:\/\/alzira.es\/wp-content\/uploads\/2019\/02\/IMG-20181116-WA0086_1-1536x922.jpg 1536w\" sizes=\"(max-width: 600px) 100vw, 600px\" \/><\/a>Alzira, 18 de febrer de 2019.-<\/strong> L&#8217;Ajuntament d&#8217;Alzira ha aprovat la mem\u00f2ria redactada pels serveis t\u00e8cnics en la qual es valoren els danys en infraestructures municipals com a conseq\u00fc\u00e8ncia de l&#8217;\u00fatlim espisodi de pluges, entre els dies 14 a 19 de novembre de 2018, i que ascedeixen a 2.147.822 euros.<\/p>\n<p style=\"text-align: justify;\">Donats els greus danys en infraestructures municipals, l&#8217;Ajuntament ha sol\u2022licitat al a Generalitat Valenciana la corresponent subvenci\u00f3 per pal\u2022liar estos danys a l&#8217;empar del que disposa l&#8217;acord de 30 de novembre de 2018.<\/p>\n<p style=\"text-align: justify;\">En una primera estimaci\u00f3 aproximada dels calamitosos efectes d&#8217;este temporal, s&#8217;observa, segons el t\u00e8cnics municipals, que existeix un total de 698 habitatges, 806 garatges i 278 comer\u00e7os, un gran n\u00famero de vehicles, quatre edificis p\u00fablics, diversos parcs i places infraestructures urbanes, sinestrats en el seu conjunt per la inundaci\u00f3.<\/p>\n<p style=\"text-align: justify;\">Tot aix\u00f2, amb independ\u00e8ncia d&#8217;altres edificis i infraestructures municipals seriosament danyats, que encara sense afectar-los la inundaci\u00f3, deriva dels barrancs, han patit quantiosos danys a causa de les pluges. Estos danys afecten a oficines municipals, Museu i altres edificacions d&#8217;\u00edndole hist\u00f2rica o cultural, Biblioteca Municipal, Casa de la Cultura, centres educatius, instal\u2022lacions esportives o enllumenat p\u00fablic.<\/p>\n<p style=\"text-align: justify;\">Segons ha manifestat l&#8217;alcalde Diego G\u00f3mez, davant \u00abla magnitud d&#8217;este episodi catastr\u00f2fic, i una vegada finalitzada la resposta immediata d&#8217;emerg\u00e8ncia, ara procedeix adoptar les mesures de recuperaci\u00f3 d&#8217;infraestructures i serveis i per aix\u00f2 necessitem l&#8217;ajuda de la Generalitat\u00bb.<\/p>\n<p style=\"text-align: justify;\">Gom\u00e9z tamb\u00e9 ha incidit en que l&#8217;episodi de pluges \u00abha posat en valor la funcionalitat i la necessitat de concloure les obres del Canal de les Basses per a millorar el drenatge urb\u00e0 i executar la segona fase d&#8217;aquesta infraestructura que capte l&#8217;iagua dels barrancs del Respirall, Fos, Gracia Maria i Arena directament i no a trav\u00e9s del cam\u00ed de Pescadors, a banda de l&#8217;estudi de l&#8217;ampliaci\u00f3 del barranc de la Casella\u00bb.<\/p>\n<p style=\"text-align: justify;\">Com a dades de la magnitud de la cat\u00e0strofe cal recalcar que l&#8217;estaci\u00f3 meteorol\u00f2gica municipal va arreplegar el divendres 16 de novembre una intensitat de pluja torrencial de 224 l\/m2. La conca situada a l&#8217;est d&#8217;Alzira, amb els diversos barrancs, arrepleg\u00e0 500 milions de litres d&#8217;aigua de pluja.<\/p>\n<p style=\"text-align: justify;\">&nbsp;<\/p>\n","protected":false},"excerpt":{"rendered":"<p>Alzira, 18 de febrer de 2019.- L&#8217;Ajuntament d&#8217;Alzira ha aprovat la mem\u00f2ria redactada pels serveis t\u00e8cnics en la qual es valoren els danys en infraestructures municipals com a conseq\u00fc\u00e8ncia de l&#8217;\u00fatlim espisodi de pluges, entre els dies 14 a 19 de novembre de 2018, i que ascedeixen a 2.147.822 euros. Donats els greus danys en &hellip; <\/p>\n<p class=\"link-more\"><a href=\"https:\/\/alzira.es\/es\/l-ajuntament-d-alzira-quantifica-en-2-1-milions-d-euros-els-danys-de-la-ultima-barrancada\/\" class=\"more-link\">Continuar leyendo<span class=\"screen-reader-text\"> \u00abL\u2019Ajuntament d\u2019Alzira quantifica en 2,1 milions d\u2019euros els danys de la \u00faltima barrancada\u00bb<\/span><\/a><\/p>\n","protected":false},"author":12,"featured_media":39039,"comment_status":"","ping_status":"","sticky":false,"template":"","format":"standard","meta":{"_acf_changed":false,"footnotes":""},"categories":[],"tags":[],"class_list":["post-39044","post","type-post","status-publish","format-standard","has-post-thumbnail","hentry"],"acf":[],"_links":{"self":[{"href":"https:\/\/alzira.es\/es\/wp-json\/wp\/v2\/posts\/39044","targetHints":{"allow":["GET"]}}],"collection":[{"href":"https:\/\/alzira.es\/es\/wp-json\/wp\/v2\/posts"}],"about":[{"href":"https:\/\/alzira.es\/es\/wp-json\/wp\/v2\/types\/post"}],"author":[{"embeddable":true,"href":"https:\/\/alzira.es\/es\/wp-json\/wp\/v2\/users\/12"}],"replies":[{"embeddable":true,"href":"https:\/\/alzira.es\/es\/wp-json\/wp\/v2\/comments?post=39044"}],"version-history":[{"count":0,"href":"https:\/\/alzira.es\/es\/wp-json\/wp\/v2\/posts\/39044\/revisions"}],"wp:featuredmedia":[{"embeddable":true,"href":"https:\/\/alzira.es\/es\/wp-json\/wp\/v2\/media\/39039"}],"wp:attachment":[{"href":"https:\/\/alzira.es\/es\/wp-json\/wp\/v2\/media?parent=39044"}],"wp:term":[{"taxonomy":"category","embeddable":true,"href":"https:\/\/alzira.es\/es\/wp-json\/wp\/v2\/categories?post=39044"},{"taxonomy":"post_tag","embeddable":true,"href":"https:\/\/alzira.es\/es\/wp-json\/wp\/v2\/tags?post=39044"}],"curies":[{"name":"wp","href":"https:\/\/api.w.org\/{rel}","templated":true}]}}