{"id":39042,"date":"2019-02-20T14:11:52","date_gmt":"2019-02-20T13:11:52","guid":{"rendered":"https:\/\/alzira.es\/el-ayuntamiento-de-alzira-cuantifica-en-2-1-millones-de-euros-los-danos-de-la-ultima-riada\/"},"modified":"2019-02-20T14:11:52","modified_gmt":"2019-02-20T13:11:52","slug":"el-ayuntamiento-de-alzira-cuantifica-en-2-1-millones-de-euros-los-danos-de-la-ultima-riada","status":"publish","type":"post","link":"https:\/\/alzira.es\/es\/el-ayuntamiento-de-alzira-cuantifica-en-2-1-millones-de-euros-los-danos-de-la-ultima-riada\/","title":{"rendered":"El Ayuntamiento de Alzira cuantifica en 2,1 millones de euros los da\u00f1os de la \u00faltima riada"},"content":{"rendered":"<p style=\"text-align: justify;\"><strong><a href=\"https:\/\/alzira.es\/wp-content\/uploads\/2019\/02\/IMG-20181116-WA0086_1.jpg\" target=\"_blank\" rel=\"noopener\"><img fetchpriority=\"high\" decoding=\"async\" class=\" alignleft size-full wp-image-39039\" style=\"margin-right: 10px; float: left;\" title=\"El Ayuntamiento de Alzira cuantifica en 2,1 millones de euros los da\u00f1os de la \u00faltima riada\" src=\"https:\/\/alzira.es\/wp-content\/uploads\/2019\/02\/IMG-20181116-WA0086_1.jpg\" alt=\"IMG-20181116-WA0086 1\" width=\"600\" height=\"360\" srcset=\"https:\/\/alzira.es\/wp-content\/uploads\/2019\/02\/IMG-20181116-WA0086_1.jpg 1600w, https:\/\/alzira.es\/wp-content\/uploads\/2019\/02\/IMG-20181116-WA0086_1-680x408.jpg 680w, https:\/\/alzira.es\/wp-content\/uploads\/2019\/02\/IMG-20181116-WA0086_1-1430x858.jpg 1430w, https:\/\/alzira.es\/wp-content\/uploads\/2019\/02\/IMG-20181116-WA0086_1-768x461.jpg 768w, https:\/\/alzira.es\/wp-content\/uploads\/2019\/02\/IMG-20181116-WA0086_1-1536x922.jpg 1536w\" sizes=\"(max-width: 600px) 100vw, 600px\" \/><\/a>Alzira, 20 de febrero de 2019.-<\/strong> El Ayuntamiento de Alzira ha aprobado la memoria redactada por los servicios t\u00e9cnicos en la que se valoran los da\u00f1os en infraestructuras municipales como consecuencia del \u00faltimo espisodio de lluvias, entre los d\u00edas 14 a 19 de noviembre de 2018, y que ascendente a 2.147.822 euros.<\/p>\n<p style=\"text-align: justify;\">Dados los graves da\u00f1os en infraestructuras municipales, el Ayuntamiento ha solicitado a la Generalitat Valenciana la correspondiente subvenci\u00f3n para paliar estos da\u00f1os al amparo de lo dispuesto en el acuerdo de 30 de noviembre de 2018.<\/p>\n<p style=\"text-align: justify;\">En una primera estimaci\u00f3n aproximada de los calamitosos efectos de este temporal, se observa, seg\u00fan los t\u00e9cnicos municipales, que existe un total de 698 viviendas, 806 garajes y 278 comercios, un gran n\u00famero de veh\u00edculos, cuatro edificios p\u00fablicos, varios parques y plazas infraestructuras urbanas siniestrados en su conjunto por la inundaci\u00f3n.<\/p>\n<p style=\"text-align: justify;\">Todo ello, con independencia de otros edificios e infraestructuras municipales seriamente da\u00f1ados que a\u00fan sin afectarles la inundaci\u00f3n deriva de los barrancos, han sufrido cuantiosos da\u00f1os a causa de las lluvias. Estos da\u00f1os afectan a oficinas municipales, Museo y otras edificaciones de \u00edndole hist\u00f3rica o cultural como la Biblioteca Municipal, la Casa de la Cultura, los centros educativos, las instalaciones deportivas o el alumbrado p\u00fablico.<\/p>\n<p style=\"text-align: justify;\">Seg\u00fan ha manifestado el alcalde Diego G\u00f3mez, ante \u00abla magnitud de este episodio catastr\u00f3fico, y una vez finalizada la respuesta inmediata de emergencia, ahora procede adoptar las medidas de recuperaci\u00f3n de infraestructuras y servicios y por eso necesitamos la ayuda de la Generalitat\u00bb.<\/p>\n<p style=\"text-align: justify;\">Gom\u00e9z tambi\u00e9n ha incidido en que el episodio de lluvias \u00abha puesto en valor la funcionalidad y la necesidad de concluir las obras del Canal de les Basses para mejorar el drenaje urbano y ejecutar la segunda fase de esta infraestructura que capte el agua de los barrancos del Respirall, Fos, Gracia Mar\u00eda y Arena directamente y no a trav\u00e9s del camino de Pescadors, adem\u00e1s del estudio de la ampliaci\u00f3n del barranco de la Casella\u00bb.<\/p>\n<p style=\"text-align: justify;\">Como datos de la magnitud de la cat\u00e1strofe hay que recalcar que la estaci\u00f3n meteorol\u00f3gica municipal recogi\u00f3 el viernes 16 de noviembre una intensidad de lluvia torrencial de 224 l\/m2. La cuenca situada al este de Alzira, con los diversos barrancos, recogi\u00f3 500 millones de litros de agua de lluvia.<\/p>\n","protected":false},"excerpt":{"rendered":"<p>Alzira, 20 de febrero de 2019.- El Ayuntamiento de Alzira ha aprobado la memoria redactada por los servicios t\u00e9cnicos en la que se valoran los da\u00f1os en infraestructuras municipales como consecuencia del \u00faltimo espisodio de lluvias, entre los d\u00edas 14 a 19 de noviembre de 2018, y que ascendente a 2.147.822 euros. Dados los graves &hellip; <\/p>\n<p class=\"link-more\"><a href=\"https:\/\/alzira.es\/es\/el-ayuntamiento-de-alzira-cuantifica-en-2-1-millones-de-euros-los-danos-de-la-ultima-riada\/\" class=\"more-link\">Continuar leyendo<span class=\"screen-reader-text\"> \u00abEl Ayuntamiento de Alzira cuantifica en 2,1 millones de euros los da\u00f1os de la \u00faltima riada\u00bb<\/span><\/a><\/p>\n","protected":false},"author":12,"featured_media":39039,"comment_status":"","ping_status":"","sticky":false,"template":"","format":"standard","meta":{"_acf_changed":false,"footnotes":""},"categories":[4936],"tags":[],"class_list":["post-39042","post","type-post","status-publish","format-standard","has-post-thumbnail","hentry","category-hemeroteca-es"],"acf":[],"_links":{"self":[{"href":"https:\/\/alzira.es\/es\/wp-json\/wp\/v2\/posts\/39042","targetHints":{"allow":["GET"]}}],"collection":[{"href":"https:\/\/alzira.es\/es\/wp-json\/wp\/v2\/posts"}],"about":[{"href":"https:\/\/alzira.es\/es\/wp-json\/wp\/v2\/types\/post"}],"author":[{"embeddable":true,"href":"https:\/\/alzira.es\/es\/wp-json\/wp\/v2\/users\/12"}],"replies":[{"embeddable":true,"href":"https:\/\/alzira.es\/es\/wp-json\/wp\/v2\/comments?post=39042"}],"version-history":[{"count":0,"href":"https:\/\/alzira.es\/es\/wp-json\/wp\/v2\/posts\/39042\/revisions"}],"wp:featuredmedia":[{"embeddable":true,"href":"https:\/\/alzira.es\/es\/wp-json\/wp\/v2\/media\/39039"}],"wp:attachment":[{"href":"https:\/\/alzira.es\/es\/wp-json\/wp\/v2\/media?parent=39042"}],"wp:term":[{"taxonomy":"category","embeddable":true,"href":"https:\/\/alzira.es\/es\/wp-json\/wp\/v2\/categories?post=39042"},{"taxonomy":"post_tag","embeddable":true,"href":"https:\/\/alzira.es\/es\/wp-json\/wp\/v2\/tags?post=39042"}],"curies":[{"name":"wp","href":"https:\/\/api.w.org\/{rel}","templated":true}]}}