{"id":39037,"date":"2019-02-20T14:03:16","date_gmt":"2019-02-20T13:03:16","guid":{"rendered":"https:\/\/alzira.es\/l-ajuntament-d-alzira-atorga-50-ajudes-a-joves-per-a-la-compra-de-la-primera-vivenda\/"},"modified":"2019-02-20T14:03:16","modified_gmt":"2019-02-20T13:03:16","slug":"l-ajuntament-d-alzira-atorga-50-ajudes-a-joves-per-a-la-compra-de-la-primera-vivenda","status":"publish","type":"post","link":"https:\/\/alzira.es\/es\/l-ajuntament-d-alzira-atorga-50-ajudes-a-joves-per-a-la-compra-de-la-primera-vivenda\/","title":{"rendered":"L\u2019Ajuntament d\u2019Alzira atorga 50 ajudes a joves per a la compra de la primera vivenda"},"content":{"rendered":"<p style=\"text-align: justify;\"><strong><a href=\"https:\/\/alzira.es\/wp-content\/uploads\/2019\/02\/52884694_2088893714524123_8283337754574585856_n.jpg\" target=\"_blank\" rel=\"noopener\"><img fetchpriority=\"high\" decoding=\"async\" class=\" alignleft size-full wp-image-39033\" style=\"margin-right: 10px; float: left;\" title=\"L\u2019Ajuntament d\u2019Alzira atorga 50 ajudes a joves per a la compra de la primera vivenda\" src=\"https:\/\/alzira.es\/wp-content\/uploads\/2019\/02\/52884694_2088893714524123_8283337754574585856_n.jpg\" alt=\"52884694 2088893714524123 8283337754574585856 n\" width=\"500\" height=\"374\" srcset=\"https:\/\/alzira.es\/wp-content\/uploads\/2019\/02\/52884694_2088893714524123_8283337754574585856_n.jpg 960w, https:\/\/alzira.es\/wp-content\/uploads\/2019\/02\/52884694_2088893714524123_8283337754574585856_n-680x510.jpg 680w, https:\/\/alzira.es\/wp-content\/uploads\/2019\/02\/52884694_2088893714524123_8283337754574585856_n-768x574.jpg 768w\" sizes=\"(max-width: 500px) 100vw, 500px\" \/><\/a>Alzira, 19 de febrer de 2018.-<\/strong> L&#8217;Ajuntament d&#8217;Alzira ha atorgat un total de 50 ajudes per 70 beneficiaris joves, menors de 35 anys, per a la compra de la seua primera vivenda.<\/p>\n<p style=\"text-align: justify;\">El regidor d&#8217;Hisenda i Joventut ha destacat al respecte: \u00abEstes ajudes s\u00f3n necess\u00e0ries ja que \u00e9s dif\u00edcil optar a la compra d&#8217;una primera vivenda per als joves hui en dia. Per aix\u00f2 considerem important destinar part del pressupost a ajudar aquells joves que decidixen adquirir una propietat a la nostra ciutat. En 2017 destin\u00e0rem 30.000 euros i en 2018 tamb\u00e9 destinarem la mateixa quantitat\u00bb.<\/p>\n<p style=\"text-align: justify;\">Les ajudes es lliuraren per mitj\u00e0 de la Targeta d&#8217;Alzira, depenent dels metres quadrats de la vivenda, el preu, la renda, etc.<\/p>\n<p style=\"text-align: justify;\">L&#8217;ajuda es pot fer efectiva en qualsevol dels comer\u00e7os adherits a este sistema de pagament. Tot i que les ajudes van destinades a 50 vivendes, es repartiren un total de 70 targetes, ja que si la vivenda t\u00e9 dos propietaris es repartix la quantitat en dos meitats.<\/p>\n<p style=\"text-align: justify;\">&nbsp;<\/p>\n","protected":false},"excerpt":{"rendered":"<p>Alzira, 19 de febrer de 2018.- L&#8217;Ajuntament d&#8217;Alzira ha atorgat un total de 50 ajudes per 70 beneficiaris joves, menors de 35 anys, per a la compra de la seua primera vivenda. El regidor d&#8217;Hisenda i Joventut ha destacat al respecte: \u00abEstes ajudes s\u00f3n necess\u00e0ries ja que \u00e9s dif\u00edcil optar a la compra d&#8217;una primera &hellip; <\/p>\n<p class=\"link-more\"><a href=\"https:\/\/alzira.es\/es\/l-ajuntament-d-alzira-atorga-50-ajudes-a-joves-per-a-la-compra-de-la-primera-vivenda\/\" class=\"more-link\">Continuar leyendo<span class=\"screen-reader-text\"> \u00abL\u2019Ajuntament d\u2019Alzira atorga 50 ajudes a joves per a la compra de la primera vivenda\u00bb<\/span><\/a><\/p>\n","protected":false},"author":12,"featured_media":39033,"comment_status":"","ping_status":"","sticky":false,"template":"","format":"standard","meta":{"_acf_changed":false,"footnotes":""},"categories":[],"tags":[],"class_list":["post-39037","post","type-post","status-publish","format-standard","has-post-thumbnail","hentry"],"acf":[],"_links":{"self":[{"href":"https:\/\/alzira.es\/es\/wp-json\/wp\/v2\/posts\/39037","targetHints":{"allow":["GET"]}}],"collection":[{"href":"https:\/\/alzira.es\/es\/wp-json\/wp\/v2\/posts"}],"about":[{"href":"https:\/\/alzira.es\/es\/wp-json\/wp\/v2\/types\/post"}],"author":[{"embeddable":true,"href":"https:\/\/alzira.es\/es\/wp-json\/wp\/v2\/users\/12"}],"replies":[{"embeddable":true,"href":"https:\/\/alzira.es\/es\/wp-json\/wp\/v2\/comments?post=39037"}],"version-history":[{"count":0,"href":"https:\/\/alzira.es\/es\/wp-json\/wp\/v2\/posts\/39037\/revisions"}],"wp:featuredmedia":[{"embeddable":true,"href":"https:\/\/alzira.es\/es\/wp-json\/wp\/v2\/media\/39033"}],"wp:attachment":[{"href":"https:\/\/alzira.es\/es\/wp-json\/wp\/v2\/media?parent=39037"}],"wp:term":[{"taxonomy":"category","embeddable":true,"href":"https:\/\/alzira.es\/es\/wp-json\/wp\/v2\/categories?post=39037"},{"taxonomy":"post_tag","embeddable":true,"href":"https:\/\/alzira.es\/es\/wp-json\/wp\/v2\/tags?post=39037"}],"curies":[{"name":"wp","href":"https:\/\/api.w.org\/{rel}","templated":true}]}}