{"id":39030,"date":"2019-02-20T13:58:04","date_gmt":"2019-02-20T12:58:04","guid":{"rendered":"https:\/\/alzira.es\/amparo-perez-recibira-este-ano-la-insignia-de-igualdad\/"},"modified":"2019-02-20T13:58:04","modified_gmt":"2019-02-20T12:58:04","slug":"amparo-perez-recibira-este-ano-la-insignia-de-igualdad","status":"publish","type":"post","link":"https:\/\/alzira.es\/es\/amparo-perez-recibira-este-ano-la-insignia-de-igualdad\/","title":{"rendered":"Amparo P\u00e9rez recibir\u00e1 este a\u00f1o la Insignia de Igualdad"},"content":{"rendered":"<p style=\"text-align: justify;\"><strong><a href=\"https:\/\/alzira.es\/wp-content\/uploads\/2019\/02\/Amparo_Perez.jpg\" target=\"_blank\" rel=\"noopener\"><img fetchpriority=\"high\" decoding=\"async\" class=\" alignleft size-full wp-image-39027\" style=\"margin-right: 10px; float: left;\" title=\"Amparo P\u00e9rez recibir\u00e1 este a\u00f1o la Insignia de Igualdad\" src=\"https:\/\/alzira.es\/wp-content\/uploads\/2019\/02\/Amparo_Perez.jpg\" alt=\"Amparo P\u00e9rez\" width=\"274\" height=\"400\" srcset=\"https:\/\/alzira.es\/wp-content\/uploads\/2019\/02\/Amparo_Perez.jpg 658w, https:\/\/alzira.es\/wp-content\/uploads\/2019\/02\/Amparo_Perez-350x510.jpg 350w\" sizes=\"(max-width: 274px) 100vw, 274px\" \/><\/a>Alzira, 20 de febrero de 2019.-<\/strong> La Junta de Gobierno, a propuesta un\u00e1nime de la Comisi\u00f3n Interdepartamental para la Pol\u00edtica de Igualdad Municipal (COPIM) del Ayuntamiento de Alzira, ha acordado que la Insignia de la Igualdad de 2019 sea \u200b\u200bpara Amparo P\u00e9rez Pellicer, por haber sido la primera mujer en ser presidenta de la Sociedad Musical de Alzira, la primera instituci\u00f3n cultural de la ciudad y que ha celebrado el 50 aniversario.<\/p>\n<p style=\"text-align: justify;\">El alcalde de Alzira, Diego G\u00f3mez; y la concejala de Pol\u00edticas de Igualdad, Marina Mir; ser\u00e1n los encargados de imponerle la Insignia de la Igualdad a Amparo P\u00e9rez Pellicer, en un acto que se celebrar\u00e1 el mi\u00e9rcoles 6 de marzo en el Sal\u00f3n de Plenos del Ayuntamiento.<\/p>\n<p style=\"text-align: justify;\">La Insignia de Igualdad del Ayuntamiento es una distinci\u00f3n que se concede con motivo del 8 de marzo, D\u00eda Internacional por los Derechos de las Mujeres, como reconocimiento a una mujer, un hombre, una asociaci\u00f3n o una instituci\u00f3n cuya trayectoria se haya distinguido por el fomento de la igualdad de mujeres y hombres, para la lucha contra las discriminaciones por motivo de sexo y para hacer efectiva la igualdad, as\u00ed como para promover la participaci\u00f3n de las mujeres en cualquier \u00e1mbitob o por su significativa aportaci\u00f3n en la erradicaci\u00f3n de los estereotipos sexistas. En definitiva, por haber contribuido de manera destacada a la construcci\u00f3n de un mundo m\u00e1s igualitario.<\/p>\n<p style=\"text-align: justify;\">Amparo P\u00e9rez Pellicer naci\u00f3 en 1958 en Alzira y estudi\u00f3 m\u00fasica en la Escuela de la Sociedad Musical de Alzira y perteneci\u00f3 a la Banda Sinf\u00f3nica, con el saxof\u00f3n desde 1975 hasta 1988, bajo la direcci\u00f3n de Francisco Hern\u00e1ndez Guirado. Esta alzire\u00f1a tambi\u00e9n es licenciada en Geograf\u00eda e Historia.<\/p>\n<p style=\"text-align: justify;\">Miembro de la Junta Directiva y colaboradora con la SMA desde 2000 hasta 2015, fue presidenta de la Sociedad Musical -la primera de los 50 a\u00f1os de existencia de esta instituci\u00f3n- desde 2006 hasta 2009. Amparo P\u00e9rez, junto con sus hijos, los dos profesionales de la m\u00fasica (Patricio, profesor de la Banda Municipal de Barcelona y Nacho, profesor de la Orquesta de Valencia) y su hermano m\u00fasico militar profesional forman una gran familia musical, incluso su padre fue directivo de la SMA.<\/p>\n<p style=\"text-align: justify;\">Durante su mandato la Banda Sinf\u00f3nica obtuvo primeros premios en los cert\u00e1menes de Altea, Campo de Criptana y Torrevieja.<\/p>\n<p style=\"text-align: justify;\">En la actualidad, esta alzire\u00f1a defensora de la igualdad dirige una empresa de comercio al por mayor de frutas y verduras. Tambi\u00e9n es aficionada al teatro y participa de este arte en el grupo Volem Teatre.<\/p>\n","protected":false},"excerpt":{"rendered":"<p>Alzira, 20 de febrero de 2019.- La Junta de Gobierno, a propuesta un\u00e1nime de la Comisi\u00f3n Interdepartamental para la Pol\u00edtica de Igualdad Municipal (COPIM) del Ayuntamiento de Alzira, ha acordado que la Insignia de la Igualdad de 2019 sea \u200b\u200bpara Amparo P\u00e9rez Pellicer, por haber sido la primera mujer en ser presidenta de la Sociedad &hellip; <\/p>\n<p class=\"link-more\"><a href=\"https:\/\/alzira.es\/es\/amparo-perez-recibira-este-ano-la-insignia-de-igualdad\/\" class=\"more-link\">Continuar leyendo<span class=\"screen-reader-text\"> \u00abAmparo P\u00e9rez recibir\u00e1 este a\u00f1o la Insignia de Igualdad\u00bb<\/span><\/a><\/p>\n","protected":false},"author":12,"featured_media":39027,"comment_status":"","ping_status":"","sticky":false,"template":"","format":"standard","meta":{"_acf_changed":false,"footnotes":""},"categories":[4936],"tags":[],"class_list":["post-39030","post","type-post","status-publish","format-standard","has-post-thumbnail","hentry","category-hemeroteca-es"],"acf":[],"_links":{"self":[{"href":"https:\/\/alzira.es\/es\/wp-json\/wp\/v2\/posts\/39030","targetHints":{"allow":["GET"]}}],"collection":[{"href":"https:\/\/alzira.es\/es\/wp-json\/wp\/v2\/posts"}],"about":[{"href":"https:\/\/alzira.es\/es\/wp-json\/wp\/v2\/types\/post"}],"author":[{"embeddable":true,"href":"https:\/\/alzira.es\/es\/wp-json\/wp\/v2\/users\/12"}],"replies":[{"embeddable":true,"href":"https:\/\/alzira.es\/es\/wp-json\/wp\/v2\/comments?post=39030"}],"version-history":[{"count":0,"href":"https:\/\/alzira.es\/es\/wp-json\/wp\/v2\/posts\/39030\/revisions"}],"wp:featuredmedia":[{"embeddable":true,"href":"https:\/\/alzira.es\/es\/wp-json\/wp\/v2\/media\/39027"}],"wp:attachment":[{"href":"https:\/\/alzira.es\/es\/wp-json\/wp\/v2\/media?parent=39030"}],"wp:term":[{"taxonomy":"category","embeddable":true,"href":"https:\/\/alzira.es\/es\/wp-json\/wp\/v2\/categories?post=39030"},{"taxonomy":"post_tag","embeddable":true,"href":"https:\/\/alzira.es\/es\/wp-json\/wp\/v2\/tags?post=39030"}],"curies":[{"name":"wp","href":"https:\/\/api.w.org\/{rel}","templated":true}]}}