{"id":38984,"date":"2019-02-19T12:15:04","date_gmt":"2019-02-19T11:15:04","guid":{"rendered":"https:\/\/alzira.es\/alzira-adequara-l-espai-per-tal-de-visibilitzar-l-arc-medieval-descobert-al-carrer-chulvi\/"},"modified":"2019-02-19T12:15:04","modified_gmt":"2019-02-19T11:15:04","slug":"alzira-adequara-l-espai-per-tal-de-visibilitzar-l-arc-medieval-descobert-al-carrer-chulvi","status":"publish","type":"post","link":"https:\/\/alzira.es\/es\/alzira-adequara-l-espai-per-tal-de-visibilitzar-l-arc-medieval-descobert-al-carrer-chulvi\/","title":{"rendered":"Alzira adequar\u00e0 l\u2019espai per tal de visibilitzar l\u2019arc medieval descobert al carrer Chulvi"},"content":{"rendered":"<p style=\"text-align: justify;\"><strong>Alzira, 19 de febrer de 2019 \u2013<\/strong> Despr\u00e9s d&#8217;estudiar les diverses troballes descobertes a l&#8217;atzucac del carrer Chulvi situat a la Vila d&#8217;Alzira, i davant la import\u00e0ncia de l&#8217;arc medieval que es va trobar, entre altres objectes, la Regidoria de Gesti\u00f3 Urban\u00edstica va estudiar la possibilitat de condicionar l&#8217;espai. Ser\u00e0 un acc\u00e9s a esta zona del carrer Chulvi per tal de facilitar les visites al p\u00fablic i fer visible eixa nova part de la hist\u00f2ria que forma part d&#8217;Alzira, una volta estiguen finalitzades les obres de restauraci\u00f3 i enderroc de les cases en estat de ru\u00efna. Tasques per les quals es van descobrir estes joies morunes.<\/p>\n<p style=\"text-align: justify;\">Fernando Pascual, regidor de Gesti\u00f3 Urban\u00edstica, ha declarat al respecte: \u00abAlzira \u00e9s una ciutat amb molta hist\u00f2ria que encara estem descobrint, i mostra d&#8217;aix\u00f2 s\u00f3n les \u00faltimes troballes que hem descobert al carrer Chulvi, carrer que limita amb Santa Caterina, al barri de la Vila. Una de les mostres \u00e9s una pe\u00e7a de vidre amb traces daurades, que sembla el coll d&#8217;un recipient estret (flasc\u00f3) i que els experts ens diuen que pot ser dels segles XV i XVI, i l&#8217;arc medieval, que a hores d&#8217;ara est\u00e0 restaurant-se. Mostres a les que encara se&#8217;ls han de realitzar unes cates per tal de determinar la data a qu\u00e8 pertanyen.<\/p>\n<p style=\"text-align: justify;\">A m\u00e9s, tamb\u00e9 ha assegurat que ja han disposat un pressupost per tal de realitzar les proves oportunes de la cata en els elements descoberts, aix\u00ed com tamb\u00e9 que es portaran a terme les obres de condicionament de l&#8217;espai d&#8217;acc\u00e9s a l&#8217;arc de l&#8217;atzucac perqu\u00e8 des del carrer Chulvi, i a trav\u00e9s d&#8217;una finestra, es puga vore este antic carrer. El regidor tamb\u00e9 ha assegurat que posteriorment es podran realitzar visites per obres a tot el recinte.<\/p>\n<p style=\"text-align: justify;\">&nbsp;<\/p>\n<p style=\"text-align: center;\"><a href=\"https:\/\/alzira.es\/wp-content\/uploads\/2019\/02\/20190219_094914.jpg\" target=\"_blank\" rel=\"noopener\"><img fetchpriority=\"high\" decoding=\"async\" class=\" size-full wp-image-38977\" title=\"Alzira adequar\u00e0 l\u2019espai per tal de visibilitzar l\u2019arc medieval descobert al carrer Chulvi \" src=\"https:\/\/alzira.es\/wp-content\/uploads\/2019\/02\/20190219_094914.jpg\" alt=\"20190219 094914\" width=\"400\" height=\"300\" srcset=\"https:\/\/alzira.es\/wp-content\/uploads\/2019\/02\/20190219_094914.jpg 1200w, https:\/\/alzira.es\/wp-content\/uploads\/2019\/02\/20190219_094914-680x510.jpg 680w, https:\/\/alzira.es\/wp-content\/uploads\/2019\/02\/20190219_094914-768x576.jpg 768w\" sizes=\"(max-width: 400px) 100vw, 400px\" \/><\/a>&nbsp;<a href=\"https:\/\/alzira.es\/wp-content\/uploads\/2019\/02\/20190219_095058.jpg\" target=\"_blank\" rel=\"noopener\"><img decoding=\"async\" class=\"size-full wp-image-38980 lazyload\" title=\"Alzira adequar\u00e0 l\u2019espai per tal de visibilitzar l\u2019arc medieval descobert al carrer Chulvi \" data-src=\"https:\/\/alzira.es\/wp-content\/uploads\/2019\/02\/20190219_095058.jpg\" alt=\"20190219 095058\" width=\"225\" height=\"300\" data-srcset=\"https:\/\/alzira.es\/wp-content\/uploads\/2019\/02\/20190219_095058.jpg 900w, https:\/\/alzira.es\/wp-content\/uploads\/2019\/02\/20190219_095058-383x510.jpg 383w, https:\/\/alzira.es\/wp-content\/uploads\/2019\/02\/20190219_095058-804x1072.jpg 804w, https:\/\/alzira.es\/wp-content\/uploads\/2019\/02\/20190219_095058-768x1024.jpg 768w\" data-sizes=\"(max-width: 225px) 100vw, 225px\" src=\"data:image\/svg+xml;base64,PHN2ZyB3aWR0aD0iMSIgaGVpZ2h0PSIxIiB4bWxucz0iaHR0cDovL3d3dy53My5vcmcvMjAwMC9zdmciPjwvc3ZnPg==\" style=\"--smush-placeholder-width: 225px; --smush-placeholder-aspect-ratio: 225\/300;\" \/><\/a><\/p>\n","protected":false},"excerpt":{"rendered":"<p>Alzira, 19 de febrer de 2019 \u2013 Despr\u00e9s d&#8217;estudiar les diverses troballes descobertes a l&#8217;atzucac del carrer Chulvi situat a la Vila d&#8217;Alzira, i davant la import\u00e0ncia de l&#8217;arc medieval que es va trobar, entre altres objectes, la Regidoria de Gesti\u00f3 Urban\u00edstica va estudiar la possibilitat de condicionar l&#8217;espai. Ser\u00e0 un acc\u00e9s a esta zona &hellip; <\/p>\n<p class=\"link-more\"><a href=\"https:\/\/alzira.es\/es\/alzira-adequara-l-espai-per-tal-de-visibilitzar-l-arc-medieval-descobert-al-carrer-chulvi\/\" class=\"more-link\">Continuar leyendo<span class=\"screen-reader-text\"> \u00abAlzira adequar\u00e0 l\u2019espai per tal de visibilitzar l\u2019arc medieval descobert al carrer Chulvi\u00bb<\/span><\/a><\/p>\n","protected":false},"author":12,"featured_media":38977,"comment_status":"","ping_status":"","sticky":false,"template":"","format":"standard","meta":{"_acf_changed":false,"footnotes":""},"categories":[],"tags":[],"class_list":["post-38984","post","type-post","status-publish","format-standard","has-post-thumbnail","hentry"],"acf":[],"_links":{"self":[{"href":"https:\/\/alzira.es\/es\/wp-json\/wp\/v2\/posts\/38984","targetHints":{"allow":["GET"]}}],"collection":[{"href":"https:\/\/alzira.es\/es\/wp-json\/wp\/v2\/posts"}],"about":[{"href":"https:\/\/alzira.es\/es\/wp-json\/wp\/v2\/types\/post"}],"author":[{"embeddable":true,"href":"https:\/\/alzira.es\/es\/wp-json\/wp\/v2\/users\/12"}],"replies":[{"embeddable":true,"href":"https:\/\/alzira.es\/es\/wp-json\/wp\/v2\/comments?post=38984"}],"version-history":[{"count":0,"href":"https:\/\/alzira.es\/es\/wp-json\/wp\/v2\/posts\/38984\/revisions"}],"wp:featuredmedia":[{"embeddable":true,"href":"https:\/\/alzira.es\/es\/wp-json\/wp\/v2\/media\/38977"}],"wp:attachment":[{"href":"https:\/\/alzira.es\/es\/wp-json\/wp\/v2\/media?parent=38984"}],"wp:term":[{"taxonomy":"category","embeddable":true,"href":"https:\/\/alzira.es\/es\/wp-json\/wp\/v2\/categories?post=38984"},{"taxonomy":"post_tag","embeddable":true,"href":"https:\/\/alzira.es\/es\/wp-json\/wp\/v2\/tags?post=38984"}],"curies":[{"name":"wp","href":"https:\/\/api.w.org\/{rel}","templated":true}]}}