{"id":38982,"date":"2019-02-19T12:15:04","date_gmt":"2019-02-19T11:15:04","guid":{"rendered":"https:\/\/alzira.es\/alzira-adecuara-el-espacio-para-visibilizar-el-arco-medieval-descubierto-en-la-calle-chulvi\/"},"modified":"2019-02-19T12:15:04","modified_gmt":"2019-02-19T11:15:04","slug":"alzira-adecuara-el-espacio-para-visibilizar-el-arco-medieval-descubierto-en-la-calle-chulvi","status":"publish","type":"post","link":"https:\/\/alzira.es\/es\/alzira-adecuara-el-espacio-para-visibilizar-el-arco-medieval-descubierto-en-la-calle-chulvi\/","title":{"rendered":"Alzira adecuar\u00e1 el espacio para visibilizar el arco medieval descubierto en la calle Chulvi"},"content":{"rendered":"<p style=\"text-align: justify;\"><strong>Alzira, 19 de febrero de 2019 &#8211;<\/strong> Despu\u00e9s de estudiar los diversas hallazgos descubiertos en el callej\u00f3n sin salida de la calle Chulvi situado en la Vila de Alzira, y ante la importancia del arco medieval que se encontr\u00f3, entre otros objetos, la Concejal\u00eda de Gesti\u00f3n Urban\u00edstica estudi\u00f3 la posibilidad de acondicionar el espacio. Ser\u00e1 un acceso a esta zona de la calle Chulvi para facilitar las visitas al p\u00fablico y hacer visible esa nueva parte de la historia que forma parte de Alzira, una vez est\u00e9n finalizadas las obras de restauraci\u00f3n y derribo de las casas en estado de ruina. Tareas por las que se descubrieron estas joyas morunas.<\/p>\n<p style=\"text-align: justify;\">Fernando Pascual, concejal de Gesti\u00f3n Urban\u00edstica, ha declarado al respecto \u00abAlzira es una ciudad con mucha historia que a\u00fan estamos descubriendo, y muestra de ello son los \u00faltimos hallazgos que hemos descubierto en la calle Chulvi, calle que limita con Santa Catalina, en el barrio de la Vila. Una de las muestras es una pieza de vidrio con trazas doradas, que parece el cuello de un recipiente estrecho (frasco) y que los expertos nos dicen que puede ser de los siglos XV y XVI, y el arco medieval, que a actualmente est\u00e1 restaur\u00e1ndose. Muestras a las que a\u00fan se les deben realizar unas catas para determinar la fecha a la que pertenecen.<\/p>\n<p style=\"text-align: justify;\">Adem\u00e1s, tambi\u00e9n ha asegurado que ya se ha dispuesto un presupuesto para realizar las pruebas oportunas de la cata en los elementos descubiertos, as\u00ed como tambi\u00e9n que se llevar\u00e1n a cabo las obras de acondicionamiento del espacio de acceso al arco del callej\u00f3n sin salida porque desde la calle Chulvi, y a trav\u00e9s de una ventana, se pueda ver esta antigua calle. El concejal tambi\u00e9n ha asegurado que posteriormente se podr\u00e1n realizar visitas por obras en todo el recinto.<\/p>\n<p style=\"text-align: center;\"><a href=\"https:\/\/alzira.es\/wp-content\/uploads\/2019\/02\/20190219_094914.jpg\" target=\"_blank\" rel=\"noopener\"><img fetchpriority=\"high\" decoding=\"async\" class=\" size-full wp-image-38977\" title=\"Alzira adecuar\u00e1 el espacio para visibilizar el arco medieval descubierto en la calle Chulvi\" src=\"https:\/\/alzira.es\/wp-content\/uploads\/2019\/02\/20190219_094914.jpg\" alt=\"20190219 094914\" width=\"400\" height=\"300\" srcset=\"https:\/\/alzira.es\/wp-content\/uploads\/2019\/02\/20190219_094914.jpg 1200w, https:\/\/alzira.es\/wp-content\/uploads\/2019\/02\/20190219_094914-680x510.jpg 680w, https:\/\/alzira.es\/wp-content\/uploads\/2019\/02\/20190219_094914-768x576.jpg 768w\" sizes=\"(max-width: 400px) 100vw, 400px\" \/><\/a>&nbsp;<a href=\"https:\/\/alzira.es\/wp-content\/uploads\/2019\/02\/20190219_095058.jpg\" target=\"_blank\" rel=\"noopener\"><img decoding=\"async\" class=\"size-full wp-image-38980 lazyload\" title=\"Alzira adecuar\u00e1 el espacio para visibilizar el arco medieval descubierto en la calle Chulvi\" data-src=\"https:\/\/alzira.es\/wp-content\/uploads\/2019\/02\/20190219_095058.jpg\" alt=\"20190219 095058\" width=\"225\" height=\"300\" data-srcset=\"https:\/\/alzira.es\/wp-content\/uploads\/2019\/02\/20190219_095058.jpg 900w, https:\/\/alzira.es\/wp-content\/uploads\/2019\/02\/20190219_095058-383x510.jpg 383w, https:\/\/alzira.es\/wp-content\/uploads\/2019\/02\/20190219_095058-804x1072.jpg 804w, https:\/\/alzira.es\/wp-content\/uploads\/2019\/02\/20190219_095058-768x1024.jpg 768w\" data-sizes=\"(max-width: 225px) 100vw, 225px\" src=\"data:image\/svg+xml;base64,PHN2ZyB3aWR0aD0iMSIgaGVpZ2h0PSIxIiB4bWxucz0iaHR0cDovL3d3dy53My5vcmcvMjAwMC9zdmciPjwvc3ZnPg==\" style=\"--smush-placeholder-width: 225px; --smush-placeholder-aspect-ratio: 225\/300;\" \/><\/a><\/p>\n","protected":false},"excerpt":{"rendered":"<p>Alzira, 19 de febrero de 2019 &#8211; Despu\u00e9s de estudiar los diversas hallazgos descubiertos en el callej\u00f3n sin salida de la calle Chulvi situado en la Vila de Alzira, y ante la importancia del arco medieval que se encontr\u00f3, entre otros objetos, la Concejal\u00eda de Gesti\u00f3n Urban\u00edstica estudi\u00f3 la posibilidad de acondicionar el espacio. Ser\u00e1 &hellip; <\/p>\n<p class=\"link-more\"><a href=\"https:\/\/alzira.es\/es\/alzira-adecuara-el-espacio-para-visibilizar-el-arco-medieval-descubierto-en-la-calle-chulvi\/\" class=\"more-link\">Continuar leyendo<span class=\"screen-reader-text\"> \u00abAlzira adecuar\u00e1 el espacio para visibilizar el arco medieval descubierto en la calle Chulvi\u00bb<\/span><\/a><\/p>\n","protected":false},"author":12,"featured_media":38977,"comment_status":"","ping_status":"","sticky":false,"template":"","format":"standard","meta":{"_acf_changed":false,"footnotes":""},"categories":[4936],"tags":[],"class_list":["post-38982","post","type-post","status-publish","format-standard","has-post-thumbnail","hentry","category-hemeroteca-es"],"acf":[],"_links":{"self":[{"href":"https:\/\/alzira.es\/es\/wp-json\/wp\/v2\/posts\/38982","targetHints":{"allow":["GET"]}}],"collection":[{"href":"https:\/\/alzira.es\/es\/wp-json\/wp\/v2\/posts"}],"about":[{"href":"https:\/\/alzira.es\/es\/wp-json\/wp\/v2\/types\/post"}],"author":[{"embeddable":true,"href":"https:\/\/alzira.es\/es\/wp-json\/wp\/v2\/users\/12"}],"replies":[{"embeddable":true,"href":"https:\/\/alzira.es\/es\/wp-json\/wp\/v2\/comments?post=38982"}],"version-history":[{"count":0,"href":"https:\/\/alzira.es\/es\/wp-json\/wp\/v2\/posts\/38982\/revisions"}],"wp:featuredmedia":[{"embeddable":true,"href":"https:\/\/alzira.es\/es\/wp-json\/wp\/v2\/media\/38977"}],"wp:attachment":[{"href":"https:\/\/alzira.es\/es\/wp-json\/wp\/v2\/media?parent=38982"}],"wp:term":[{"taxonomy":"category","embeddable":true,"href":"https:\/\/alzira.es\/es\/wp-json\/wp\/v2\/categories?post=38982"},{"taxonomy":"post_tag","embeddable":true,"href":"https:\/\/alzira.es\/es\/wp-json\/wp\/v2\/tags?post=38982"}],"curies":[{"name":"wp","href":"https:\/\/api.w.org\/{rel}","templated":true}]}}