{"id":38969,"date":"2019-02-18T16:00:00","date_gmt":"2019-02-18T15:00:00","guid":{"rendered":"https:\/\/alzira.es\/diego-gomez-superem-l-epoca-de-la-queixa-i-fem-possible-una-alzira-mes-competitiva-dins-de-la-comunitat-valenciana\/"},"modified":"2019-02-18T16:00:00","modified_gmt":"2019-02-18T15:00:00","slug":"diego-gomez-superem-l-epoca-de-la-queixa-i-fem-possible-una-alzira-mes-competitiva-dins-de-la-comunitat-valenciana","status":"publish","type":"post","link":"https:\/\/alzira.es\/es\/diego-gomez-superem-l-epoca-de-la-queixa-i-fem-possible-una-alzira-mes-competitiva-dins-de-la-comunitat-valenciana\/","title":{"rendered":"Diego G\u00f3mez: \u201cSuperem l\u2019\u00e8poca de la queixa i fem possible una Alzira m\u00e9s competitiva dins de la Comunitat Valenciana\u201d"},"content":{"rendered":"<p style=\"text-align: justify;\"><strong><a href=\"https:\/\/alzira.es\/wp-content\/uploads\/2019\/02\/Diego_Gomez_Setmana_Economia_2019.jpg\" target=\"_blank\" rel=\"noopener\"><img fetchpriority=\"high\" decoding=\"async\" class=\" alignleft size-full wp-image-38963\" style=\"margin-right: 10px; float: left;\" title=\"Diego G\u00f3mez: \u201cSuperem l\u2019\u00e8poca de la queixa i fem possible una Alzira m\u00e9s competitiva dins de la Comunitat Valenciana\u201d\" src=\"https:\/\/alzira.es\/wp-content\/uploads\/2019\/02\/Diego_Gomez_Setmana_Economia_2019.jpg\" alt=\"Diego G\u00f3mez Setmana Economia 2019\" width=\"600\" height=\"325\" \/><\/a>Alzira, 18 de febrer de 2019.-<\/strong> La Casa de la Cultura d&#8217;Alzira ha acollit este mat\u00ed la inauguraci\u00f3 de la XI Setmana de l&#8217;Economia, una trobada que ja s&#8217;ha consolidat entre els esdeveniments econ\u00f2mics de refer\u00e8ncia a la Comunitat Valenciana, amb una participaci\u00f3 de 600 persones.<\/p>\n<p style=\"text-align: justify;\">En l&#8217;acte inaugural han intervingut l&#8217;alcalde d&#8217;Alzira, Diego G\u00f3mez, el regidor de Desenvolupament Econ\u00f2mic, Ivan Mart\u00ednez, el president de l&#8217;Associaci\u00f3 Empresarial, Ra\u00fal Tudela, i Concepci\u00f3n del Ruste, subsecret\u00e0ria de la Conselleria d&#8217;Economia.<\/p>\n<p style=\"text-align: justify;\">Economistes com Eduardo Garz\u00f3n i Joan Ram\u00f3n Sanchis, a m\u00e9s d&#8217;emprenedors de la talla de Carlos Ferrando, mostraran la seua saviesa i experi\u00e8ncia en el m\u00f3n empresarial alzireny al llarg de la setmana.<\/p>\n<p style=\"text-align: justify;\">Diego G\u00f3mez, alcalde d&#8217;Alzira, ha recalcat en el seu discurs que a \u00abEspanya tenim una taxa d&#8217;atur jove al voltant del 33 %. La precarietat laboral dels nostres fills i filles es veu reflectida en un sou inferior a 1.000 euros. En els \u00faltims 10 anys el poder adquisitiu de la gent entre 20 i 35 anys ha decaigut a l\u00edmits desesperants. I la tornada dels nostres estudiants formats, repartits per molts pa\u00efsos i comunitats, encara no s&#8217;ha produ\u00eft\u00bb.<\/p>\n<p style=\"text-align: justify;\">Tamb\u00e9 ha fet un rep\u00e0s als problemes de la ciutat, respecte al m\u00f3n empresarial, com la connexi\u00f3 amb l&#8217;AP7, l&#8217;alt cost econ\u00f2mic per a les empreses d&#8217;electricitat i el Corredor Mediterrani o \u00abla millora dels nostres pol\u00edgons ofegats per un PATRICOVA demolidor\u00bb, ha explicat l&#8217;alcalde.<\/p>\n<p style=\"text-align: justify;\">G\u00f3mez ha encorajat un auditori replet: \u00abNo ens hem reunit hui ac\u00ed per lamentar-nos. No som ac\u00ed per queixar-nos. Passem-ne p\u00e0gina i treballem tots junts per construir un futur en qu\u00e8 garantim els actuals i els futurs llocs de treball, que han de ser m\u00e9s i millor qualificats. Superem l&#8217;\u00e8poca de la queixa i fem possible una Alzira m\u00e9s competitiva dins de la Comunitat Valenciana, una Alzira on fructifique la creaci\u00f3 de treball i el progr\u00e9s social i econ\u00f2mic\u00bb.<\/p>\n<p style=\"text-align: justify;\">&nbsp;<\/p>\n","protected":false},"excerpt":{"rendered":"<p>Alzira, 18 de febrer de 2019.- La Casa de la Cultura d&#8217;Alzira ha acollit este mat\u00ed la inauguraci\u00f3 de la XI Setmana de l&#8217;Economia, una trobada que ja s&#8217;ha consolidat entre els esdeveniments econ\u00f2mics de refer\u00e8ncia a la Comunitat Valenciana, amb una participaci\u00f3 de 600 persones. En l&#8217;acte inaugural han intervingut l&#8217;alcalde d&#8217;Alzira, Diego G\u00f3mez, &hellip; <\/p>\n<p class=\"link-more\"><a href=\"https:\/\/alzira.es\/es\/diego-gomez-superem-l-epoca-de-la-queixa-i-fem-possible-una-alzira-mes-competitiva-dins-de-la-comunitat-valenciana\/\" class=\"more-link\">Continuar leyendo<span class=\"screen-reader-text\"> \u00abDiego G\u00f3mez: \u201cSuperem l\u2019\u00e8poca de la queixa i fem possible una Alzira m\u00e9s competitiva dins de la Comunitat Valenciana\u201d\u00bb<\/span><\/a><\/p>\n","protected":false},"author":12,"featured_media":0,"comment_status":"","ping_status":"","sticky":false,"template":"","format":"standard","meta":{"_acf_changed":false,"footnotes":""},"categories":[],"tags":[],"class_list":["post-38969","post","type-post","status-publish","format-standard","hentry"],"acf":[],"_links":{"self":[{"href":"https:\/\/alzira.es\/es\/wp-json\/wp\/v2\/posts\/38969","targetHints":{"allow":["GET"]}}],"collection":[{"href":"https:\/\/alzira.es\/es\/wp-json\/wp\/v2\/posts"}],"about":[{"href":"https:\/\/alzira.es\/es\/wp-json\/wp\/v2\/types\/post"}],"author":[{"embeddable":true,"href":"https:\/\/alzira.es\/es\/wp-json\/wp\/v2\/users\/12"}],"replies":[{"embeddable":true,"href":"https:\/\/alzira.es\/es\/wp-json\/wp\/v2\/comments?post=38969"}],"version-history":[{"count":0,"href":"https:\/\/alzira.es\/es\/wp-json\/wp\/v2\/posts\/38969\/revisions"}],"wp:attachment":[{"href":"https:\/\/alzira.es\/es\/wp-json\/wp\/v2\/media?parent=38969"}],"wp:term":[{"taxonomy":"category","embeddable":true,"href":"https:\/\/alzira.es\/es\/wp-json\/wp\/v2\/categories?post=38969"},{"taxonomy":"post_tag","embeddable":true,"href":"https:\/\/alzira.es\/es\/wp-json\/wp\/v2\/tags?post=38969"}],"curies":[{"name":"wp","href":"https:\/\/api.w.org\/{rel}","templated":true}]}}