{"id":38967,"date":"2019-02-18T16:00:00","date_gmt":"2019-02-18T15:00:00","guid":{"rendered":"https:\/\/alzira.es\/diego-gomez-superemos-la-epoca-de-la-queja-y-hagamos-posible-una-alzira-mas-competitiva-dentro-de-la-comunidad-valenciana\/"},"modified":"2019-02-18T16:00:00","modified_gmt":"2019-02-18T15:00:00","slug":"diego-gomez-superemos-la-epoca-de-la-queja-y-hagamos-posible-una-alzira-mas-competitiva-dentro-de-la-comunidad-valenciana","status":"publish","type":"post","link":"https:\/\/alzira.es\/es\/diego-gomez-superemos-la-epoca-de-la-queja-y-hagamos-posible-una-alzira-mas-competitiva-dentro-de-la-comunidad-valenciana\/","title":{"rendered":"Diego G\u00f3mez: \u00abSuperemos la \u00e9poca de la queja y hagamos posible una Alzira m\u00e1s competitiva dentro de la Comunidad Valenciana\u00bb"},"content":{"rendered":"<p style=\"text-align: justify;\"><strong><a href=\"https:\/\/alzira.es\/wp-content\/uploads\/2019\/02\/Diego_Gomez_Setmana_Economia_2019.jpg\" target=\"_blank\" rel=\"noopener\"><img fetchpriority=\"high\" decoding=\"async\" class=\" alignleft size-full wp-image-38963\" style=\"margin-right: 10px; float: left;\" title=\"Diego G\u00f3mez: &quot;Superemos la \u00e9poca de la queja y hagamos posible una Alzira m\u00e1s competitiva dentro de la Comunidad Valenciana&quot;\" src=\"https:\/\/alzira.es\/wp-content\/uploads\/2019\/02\/Diego_Gomez_Setmana_Economia_2019.jpg\" alt=\"Diego G\u00f3mez Setmana Economia 2019\" width=\"600\" height=\"325\" \/><\/a>Alzira, 18 de febrero de 2019.-<\/strong> La Casa de la Cultura de Alzira ha acogido esta ma\u00f1ana la inauguraci\u00f3n de la XI Semana de la Econom\u00eda, un encuentro que ya se ha consolidado entre los acontecimientos econ\u00f3micos de referencia en la Comunidad Valenciana con una participaci\u00f3n de 600 personas.<\/p>\n<p style=\"text-align: justify;\">En el acto inaugural han intervenido el alcalde de Alzira, Diego G\u00f3mez; el concejal de Desarrollo Econ\u00f3mico, Iv\u00e1n Mart\u00ednez; el presidente de la Asociaci\u00f3n Empresarial, Ra\u00fal Tudela; y Concepci\u00f3n del Ruste, subsecretaria de la Conselleria de Econom\u00eda.<\/p>\n<p style=\"text-align: justify;\">Economistas como Eduardo Garz\u00f3n y Joan Ram\u00f3n Sanchis, adem\u00e1s de emprendedores de la talla de Carlos Ferrando, mostrar\u00e1n su sabidur\u00eda y experiencia en el mundo empresarial alzire\u00f1o a lo largo de la semana.<\/p>\n<p style=\"text-align: justify;\">Diego G\u00f3mez, alcalde de Alzira, recalc\u00f3 en su discurso que en \u00abEspa\u00f1a tenemos una tasa de paro joven alrededor del 33%. La precariedad laboral de nuestros hijos e hijas se ve reflejada en un sueldo inferior a 1.000 euros. En los \u00faltimos 10 a\u00f1os el poder adquisitivo de la gente entre 20 y 35 a\u00f1os ha deca\u00eddo a l\u00edmites desesperantes. Y la vuelta de nuestros estudiantes formados, repartidos por muchos pa\u00edses y comunidades, a\u00fan no se ha producido\u00bb.<\/p>\n<p style=\"text-align: justify;\">Tambi\u00e9n ha hecho un repaso a los problemas de la ciudad, respecto al mundo empresarial, como la conexi\u00f3n con la AP7, el alto coste econ\u00f3mico para las empresas de electricidad y el Corredor Mediterr\u00e1neo o \u00abla mejora de nuestros pol\u00edgonos ahogados por un PATRICOVA demoledor\u00bb, ha explicado el alcalde.<\/p>\n<p style=\"text-align: justify;\">G\u00f3mez ha animado un auditorio repleto \u00abNo nos hemos reunido hoy aqu\u00ed para lamentarnos. No estamos aqu\u00ed para quejarnos. Pasemos p\u00e1gina y trabajemos todos juntos para construir un futuro en el que se garanticen los actuales y los futuros puestos de trabajo, que deben ser m\u00e1s y mejor cualificados. Superemos la \u00e9poca de la queja y hagamos posible una Alzira m\u00e1s competitiva dentro de la Comunidad Valenciana, una Alzira donde fructifique la creaci\u00f3n de trabajo y el progreso social y econ\u00f3mico\u00bb.<\/p>\n","protected":false},"excerpt":{"rendered":"<p>Alzira, 18 de febrero de 2019.- La Casa de la Cultura de Alzira ha acogido esta ma\u00f1ana la inauguraci\u00f3n de la XI Semana de la Econom\u00eda, un encuentro que ya se ha consolidado entre los acontecimientos econ\u00f3micos de referencia en la Comunidad Valenciana con una participaci\u00f3n de 600 personas. En el acto inaugural han intervenido &hellip; <\/p>\n<p class=\"link-more\"><a href=\"https:\/\/alzira.es\/es\/diego-gomez-superemos-la-epoca-de-la-queja-y-hagamos-posible-una-alzira-mas-competitiva-dentro-de-la-comunidad-valenciana\/\" class=\"more-link\">Continuar leyendo<span class=\"screen-reader-text\"> \u00abDiego G\u00f3mez: \u00abSuperemos la \u00e9poca de la queja y hagamos posible una Alzira m\u00e1s competitiva dentro de la Comunidad Valenciana\u00bb\u00bb<\/span><\/a><\/p>\n","protected":false},"author":12,"featured_media":0,"comment_status":"","ping_status":"","sticky":false,"template":"","format":"standard","meta":{"_acf_changed":false,"footnotes":""},"categories":[4936],"tags":[],"class_list":["post-38967","post","type-post","status-publish","format-standard","hentry","category-hemeroteca-es"],"acf":[],"_links":{"self":[{"href":"https:\/\/alzira.es\/es\/wp-json\/wp\/v2\/posts\/38967","targetHints":{"allow":["GET"]}}],"collection":[{"href":"https:\/\/alzira.es\/es\/wp-json\/wp\/v2\/posts"}],"about":[{"href":"https:\/\/alzira.es\/es\/wp-json\/wp\/v2\/types\/post"}],"author":[{"embeddable":true,"href":"https:\/\/alzira.es\/es\/wp-json\/wp\/v2\/users\/12"}],"replies":[{"embeddable":true,"href":"https:\/\/alzira.es\/es\/wp-json\/wp\/v2\/comments?post=38967"}],"version-history":[{"count":0,"href":"https:\/\/alzira.es\/es\/wp-json\/wp\/v2\/posts\/38967\/revisions"}],"wp:attachment":[{"href":"https:\/\/alzira.es\/es\/wp-json\/wp\/v2\/media?parent=38967"}],"wp:term":[{"taxonomy":"category","embeddable":true,"href":"https:\/\/alzira.es\/es\/wp-json\/wp\/v2\/categories?post=38967"},{"taxonomy":"post_tag","embeddable":true,"href":"https:\/\/alzira.es\/es\/wp-json\/wp\/v2\/tags?post=38967"}],"curies":[{"name":"wp","href":"https:\/\/api.w.org\/{rel}","templated":true}]}}