{"id":38900,"date":"2019-02-18T10:48:30","date_gmt":"2019-02-18T09:48:30","guid":{"rendered":"https:\/\/alzira.es\/aguilar-torna-a-salvar-el-concurs-de-mascletaes-de-les-falles-d-alzira\/"},"modified":"2019-02-18T10:48:30","modified_gmt":"2019-02-18T09:48:30","slug":"aguilar-torna-a-salvar-el-concurs-de-mascletaes-de-les-falles-d-alzira","status":"publish","type":"post","link":"https:\/\/alzira.es\/es\/aguilar-torna-a-salvar-el-concurs-de-mascletaes-de-les-falles-d-alzira\/","title":{"rendered":"Aguilar torna a salvar el concurs de mascletaes de les Falles d\u2019Alzira"},"content":{"rendered":"<p style=\"text-align: justify;\"><strong><a href=\"https:\/\/alzira.es\/wp-content\/uploads\/2019\/02\/20180622_212046.jpg\" target=\"_blank\" rel=\"noopener\"><img fetchpriority=\"high\" decoding=\"async\" class=\" alignleft size-full wp-image-38894\" style=\"margin-right: 10px; float: left;\" title=\"Aguilar torna a salvar el concurs de mascletaes de les Falles d\u2019Alzira\" src=\"https:\/\/alzira.es\/wp-content\/uploads\/2019\/02\/20180622_212046.jpg\" alt=\"20180622 212046\" width=\"600\" height=\"450\" srcset=\"https:\/\/alzira.es\/wp-content\/uploads\/2019\/02\/20180622_212046.jpg 1200w, https:\/\/alzira.es\/wp-content\/uploads\/2019\/02\/20180622_212046-680x510.jpg 680w, https:\/\/alzira.es\/wp-content\/uploads\/2019\/02\/20180622_212046-768x576.jpg 768w\" sizes=\"(max-width: 600px) 100vw, 600px\" \/><\/a>Alzira, 18 de febrer de 2019.-<\/strong> Isabel Aguilar, vicealcaldessa i regidora de Festes, ha mantingut una reuni\u00f3 de treball amb Jaume Bohigues, president de la Junta Local Fallera, per tal de tractar els punts m\u00e9s rellevants de cara a les Falles del 2019.<\/p>\n<p style=\"text-align: justify;\">Entre els acords als quals s&#8217;ha aplegat cal destacar l&#8217;acord adquirit entre Aguilar i Bohigues de garantir les set mascletaes del Concurs Nacional, entre el 13 i el 19 de mar\u00e7, que enguany tornaran a ser a\u00e8ries, despr\u00e9s del treball realitzat al llarg dels \u00faltims anys per tal que fora possible. Este pr\u00f2xim dijous, 21 de febrer, a les 11 del mat\u00ed, tindr\u00e0 lloc en l&#8217;Ajuntament una roda de premsa, aix\u00ed com la signatura dels contractes per part de la regidora, el president de la Junta Local Fallera i els encarregats de les pirot\u00e8cnies que faran les disparades.<\/p>\n<p style=\"text-align: justify;\">Altres acords aconseguits en la reuni\u00f3 han sigut la possibilitat de mantindre el casal propi de la Junta Local Fallera durant els dies de Falles, aix\u00ed com la subvenci\u00f3 per part d&#8217;Ajuntament i la Junta a totes les comissions falleres que no disposen de casal propi.<\/p>\n<p style=\"text-align: justify;\">\u00abCom a regidora de Festes no puc admetre que una de les nostres manifestacions festives m\u00e9s rellevants es quede sense un dels emblemes m\u00e9s caracter\u00edstics de la festa com s\u00f3n les mascletaes, per aix\u00f2 he oferit al president de la Junta Local Fallera la possibilitat d&#8217;ajudar-lo per tal de garantir-les i Alzira no es quede sense la setmana completa d&#8217;espectacles pirot\u00e8cnics\u00bb, ha manifestat Aguilar.<\/p>\n<p style=\"text-align: justify;\">&nbsp;<\/p>\n","protected":false},"excerpt":{"rendered":"<p>Alzira, 18 de febrer de 2019.- Isabel Aguilar, vicealcaldessa i regidora de Festes, ha mantingut una reuni\u00f3 de treball amb Jaume Bohigues, president de la Junta Local Fallera, per tal de tractar els punts m\u00e9s rellevants de cara a les Falles del 2019. Entre els acords als quals s&#8217;ha aplegat cal destacar l&#8217;acord adquirit entre &hellip; <\/p>\n<p class=\"link-more\"><a href=\"https:\/\/alzira.es\/es\/aguilar-torna-a-salvar-el-concurs-de-mascletaes-de-les-falles-d-alzira\/\" class=\"more-link\">Continuar leyendo<span class=\"screen-reader-text\"> \u00abAguilar torna a salvar el concurs de mascletaes de les Falles d\u2019Alzira\u00bb<\/span><\/a><\/p>\n","protected":false},"author":12,"featured_media":38894,"comment_status":"","ping_status":"","sticky":false,"template":"","format":"standard","meta":{"_acf_changed":false,"footnotes":""},"categories":[],"tags":[],"class_list":["post-38900","post","type-post","status-publish","format-standard","has-post-thumbnail","hentry"],"acf":[],"_links":{"self":[{"href":"https:\/\/alzira.es\/es\/wp-json\/wp\/v2\/posts\/38900","targetHints":{"allow":["GET"]}}],"collection":[{"href":"https:\/\/alzira.es\/es\/wp-json\/wp\/v2\/posts"}],"about":[{"href":"https:\/\/alzira.es\/es\/wp-json\/wp\/v2\/types\/post"}],"author":[{"embeddable":true,"href":"https:\/\/alzira.es\/es\/wp-json\/wp\/v2\/users\/12"}],"replies":[{"embeddable":true,"href":"https:\/\/alzira.es\/es\/wp-json\/wp\/v2\/comments?post=38900"}],"version-history":[{"count":0,"href":"https:\/\/alzira.es\/es\/wp-json\/wp\/v2\/posts\/38900\/revisions"}],"wp:featuredmedia":[{"embeddable":true,"href":"https:\/\/alzira.es\/es\/wp-json\/wp\/v2\/media\/38894"}],"wp:attachment":[{"href":"https:\/\/alzira.es\/es\/wp-json\/wp\/v2\/media?parent=38900"}],"wp:term":[{"taxonomy":"category","embeddable":true,"href":"https:\/\/alzira.es\/es\/wp-json\/wp\/v2\/categories?post=38900"},{"taxonomy":"post_tag","embeddable":true,"href":"https:\/\/alzira.es\/es\/wp-json\/wp\/v2\/tags?post=38900"}],"curies":[{"name":"wp","href":"https:\/\/api.w.org\/{rel}","templated":true}]}}