{"id":38898,"date":"2019-02-18T10:48:30","date_gmt":"2019-02-18T09:48:30","guid":{"rendered":"https:\/\/alzira.es\/aguilar-vuelve-a-salvar-el-concurso-de-mascletaes-de-las-fallas-de-alzira\/"},"modified":"2019-02-18T10:48:30","modified_gmt":"2019-02-18T09:48:30","slug":"aguilar-vuelve-a-salvar-el-concurso-de-mascletaes-de-las-fallas-de-alzira","status":"publish","type":"post","link":"https:\/\/alzira.es\/es\/aguilar-vuelve-a-salvar-el-concurso-de-mascletaes-de-las-fallas-de-alzira\/","title":{"rendered":"Aguilar vuelve a salvar el concurso de mascletaes de las Fallas de Alzira"},"content":{"rendered":"<p style=\"text-align: justify;\"><strong><a href=\"https:\/\/alzira.es\/wp-content\/uploads\/2019\/02\/20180622_212046.jpg\" target=\"_blank\" rel=\"noopener\"><img fetchpriority=\"high\" decoding=\"async\" class=\" alignleft size-full wp-image-38894\" style=\"margin-right: 10px; float: left;\" title=\"Aguilar vuelve a salvar el concurso de mascletaes de las Fallas de Alzira\" src=\"https:\/\/alzira.es\/wp-content\/uploads\/2019\/02\/20180622_212046.jpg\" alt=\"20180622 212046\" width=\"600\" height=\"450\" srcset=\"https:\/\/alzira.es\/wp-content\/uploads\/2019\/02\/20180622_212046.jpg 1200w, https:\/\/alzira.es\/wp-content\/uploads\/2019\/02\/20180622_212046-680x510.jpg 680w, https:\/\/alzira.es\/wp-content\/uploads\/2019\/02\/20180622_212046-768x576.jpg 768w\" sizes=\"(max-width: 600px) 100vw, 600px\" \/><\/a>Alzira, 18 de febrero de 2019.-<\/strong> Isabel Aguilar, vicealcaldesa y concejala de Fiestas, ha mantenido una reuni\u00f3n de trabajo con Jaume Bohigues, presidente de la Junta Local Fallera, a fin de tratar los puntos m\u00e1s relevantes de cara a las Fallas de 2019.<\/p>\n<p style=\"text-align: justify;\">Entre los acuerdos por los que se han reunido cabe destacar el acuerdo adquirido entre Aguilar y Bohigues de garantizar las siete mascletaes del Concurso Nacional, entre el 13 y el 19 de marzo, que este a\u00f1o volver\u00e1n a ser a\u00e9reas, tras el trabajo realizado a lo largo de los \u00faltimos a\u00f1os para que fuera posible. Este pr\u00f3ximo jueves 21 de febrero a las 11 de la ma\u00f1ana, tendr\u00e1 lugar en el Ayuntamiento una rueda de prensa, as\u00ed como la firma de los contratos por parte de la concejala, el presidente de la Junta Local Fallera y los encargados de las pirotecnias que har\u00e1n los disparos.<\/p>\n<p style=\"text-align: justify;\">Otros acuerdos alcanzados en la reuni\u00f3n han sido la posibilidad de mantener el casal propio de la Junta Local Fallera durante los d\u00edas de Fallas, as\u00ed como la subvenci\u00f3n por parte de Ayuntamiento y la Junta a todas las comisiones falleras que no disponen de casal propio.<\/p>\n<p style=\"text-align: justify;\">\u00abComo concejala de Fiestas no puedo admitir que una de nuestras manifestaciones festivas m\u00e1s relevantes se quede sin uno de los emblemas m\u00e1s caracter\u00edsticos de la fiesta como son las mascletaes, por eso he ofrecido al presidente de la Junta Local Fallera la posibilidad de ayudarle con el fin de garantizarlas y as\u00ed que Alzira no se quede sin la semana completa de espect\u00e1culos pirot\u00e9cnicos\u00bb, manifest\u00f3 Aguilar.<\/p>\n","protected":false},"excerpt":{"rendered":"<p>Alzira, 18 de febrero de 2019.- Isabel Aguilar, vicealcaldesa y concejala de Fiestas, ha mantenido una reuni\u00f3n de trabajo con Jaume Bohigues, presidente de la Junta Local Fallera, a fin de tratar los puntos m\u00e1s relevantes de cara a las Fallas de 2019. Entre los acuerdos por los que se han reunido cabe destacar el &hellip; <\/p>\n<p class=\"link-more\"><a href=\"https:\/\/alzira.es\/es\/aguilar-vuelve-a-salvar-el-concurso-de-mascletaes-de-las-fallas-de-alzira\/\" class=\"more-link\">Continuar leyendo<span class=\"screen-reader-text\"> \u00abAguilar vuelve a salvar el concurso de mascletaes de las Fallas de Alzira\u00bb<\/span><\/a><\/p>\n","protected":false},"author":12,"featured_media":31516,"comment_status":"","ping_status":"","sticky":false,"template":"","format":"standard","meta":{"_acf_changed":false,"footnotes":""},"categories":[4936],"tags":[],"class_list":["post-38898","post","type-post","status-publish","format-standard","has-post-thumbnail","hentry","category-hemeroteca-es"],"acf":[],"_links":{"self":[{"href":"https:\/\/alzira.es\/es\/wp-json\/wp\/v2\/posts\/38898","targetHints":{"allow":["GET"]}}],"collection":[{"href":"https:\/\/alzira.es\/es\/wp-json\/wp\/v2\/posts"}],"about":[{"href":"https:\/\/alzira.es\/es\/wp-json\/wp\/v2\/types\/post"}],"author":[{"embeddable":true,"href":"https:\/\/alzira.es\/es\/wp-json\/wp\/v2\/users\/12"}],"replies":[{"embeddable":true,"href":"https:\/\/alzira.es\/es\/wp-json\/wp\/v2\/comments?post=38898"}],"version-history":[{"count":0,"href":"https:\/\/alzira.es\/es\/wp-json\/wp\/v2\/posts\/38898\/revisions"}],"wp:featuredmedia":[{"embeddable":true,"href":"https:\/\/alzira.es\/es\/wp-json\/wp\/v2\/media\/31516"}],"wp:attachment":[{"href":"https:\/\/alzira.es\/es\/wp-json\/wp\/v2\/media?parent=38898"}],"wp:term":[{"taxonomy":"category","embeddable":true,"href":"https:\/\/alzira.es\/es\/wp-json\/wp\/v2\/categories?post=38898"},{"taxonomy":"post_tag","embeddable":true,"href":"https:\/\/alzira.es\/es\/wp-json\/wp\/v2\/tags?post=38898"}],"curies":[{"name":"wp","href":"https:\/\/api.w.org\/{rel}","templated":true}]}}