{"id":38872,"date":"2019-02-15T10:04:20","date_gmt":"2019-02-15T09:04:20","guid":{"rendered":"https:\/\/alzira.es\/s-obri-al-public-el-nou-espai-per-a-mascotes-del-parc-de-l-alquenencia\/"},"modified":"2019-02-15T10:04:20","modified_gmt":"2019-02-15T09:04:20","slug":"s-obri-al-public-el-nou-espai-per-a-mascotes-del-parc-de-l-alquenencia","status":"publish","type":"post","link":"https:\/\/alzira.es\/es\/s-obri-al-public-el-nou-espai-per-a-mascotes-del-parc-de-l-alquenencia\/","title":{"rendered":"S\u2019obri al p\u00fablic el nou espai per a mascotes del parc de l\u2019Alquen\u00e8ncia"},"content":{"rendered":"<p style=\"text-align: justify;\"><strong><a href=\"https:\/\/alzira.es\/wp-content\/uploads\/2019\/02\/20190215_110537.jpg\" target=\"_blank\" rel=\"noopener\"><img fetchpriority=\"high\" decoding=\"async\" class=\" alignleft size-full wp-image-38868\" style=\"margin-right: 10px; float: left;\" title=\"S\u2019obri al p\u00fablic el nou espai per a mascotes del parc de l\u2019Alquen\u00e8ncia\" src=\"https:\/\/alzira.es\/wp-content\/uploads\/2019\/02\/20190215_110537.jpg\" alt=\"20190215 110537\" width=\"600\" height=\"450\" srcset=\"https:\/\/alzira.es\/wp-content\/uploads\/2019\/02\/20190215_110537.jpg 1200w, https:\/\/alzira.es\/wp-content\/uploads\/2019\/02\/20190215_110537-680x510.jpg 680w, https:\/\/alzira.es\/wp-content\/uploads\/2019\/02\/20190215_110537-768x576.jpg 768w\" sizes=\"(max-width: 600px) 100vw, 600px\" \/><\/a>Alzira, 15 de febrer de 2019 \u2013<\/strong> A partir de hui, divendres 15 de febrer de 2019, s&#8217;obri als usuaris el nou parc can\u00ed, ubicat al parc de l&#8217;Alquen\u00e8ncia.<\/p>\n<p style=\"text-align: justify;\">La Regidoria de Gesti\u00f3 Urban\u00edstica ha finalitzat les obres d&#8217;adequaci\u00f3 del nou espai per a mascotes situat al parc de l&#8217;Alquen\u00e8ncia. Un projecte que es va comen\u00e7ar a gestar l&#8217;estiu de 2018 i que a hores d&#8217;ara ja \u00e9s una realitat, amb una superf\u00edcie de m\u00e9s de 2.000 m2 dedicats a l&#8217;esbargiment per a mascotes que, a m\u00e9s de jocs, compta amb bancs, gespa i aigua. A hores d&#8217;ara esta \u00e9s una de les zones m\u00e9s grans dedicada als animals de tota la nostra prov\u00edncia.<\/p>\n<p style=\"text-align: justify;\">El parc de l&#8217;Alquen\u00e8ncia ser\u00e0 a partir d&#8217;ara un punt de trobada perqu\u00e8 les mascotes disfruten d&#8217;un espai amb jocs i una \u00e0mplia zona d&#8217;esbargiment, per\u00f2 tamb\u00e9 perqu\u00e8 els propietaris puguen compartir espai i temps amb els seus gossos en una zona delimitada i condicionada per a tots ells. Cal recordar que tant la zona de mascotes com el parc tindran la senyalitzaci\u00f3 adequada per tal que el ve\u00efnat, usuaris, grans i menuts disfruten del parc de l&#8217;Alquen\u00e8ncia de manera agradable.<\/p>\n<p style=\"text-align: justify;\">Fernando Pascual, regidor de Gesti\u00f3 Urban\u00edstica, ha declarat al respecte: \u00abEste \u00e9s un gran projecte que hem realitzat amb molta il\u2022lusi\u00f3 i responsabilitat, perqu\u00e8 s&#8217;ha elaborat pensant en tots: en el ve\u00efnat, en els usuaris i en les mascotes. Hem aconseguit un espai adequat perqu\u00e8 les mascotes tinguen una zona amb elements, jocs i un entorn d&#8217;acord amb les seues necessitats. \u00c9s important tamb\u00e9 que tots prenguem consci\u00e8ncia dels nostres espais, respectem les normatives i, sobretot, cuidem dels nostres i del nostre entorn, que al cap i a la fi \u00e9s de tots els ciutadans\u00bb.<\/p>\n<p style=\"text-align: justify;\">&nbsp;<\/p>\n","protected":false},"excerpt":{"rendered":"<p>Alzira, 15 de febrer de 2019 \u2013 A partir de hui, divendres 15 de febrer de 2019, s&#8217;obri als usuaris el nou parc can\u00ed, ubicat al parc de l&#8217;Alquen\u00e8ncia. La Regidoria de Gesti\u00f3 Urban\u00edstica ha finalitzat les obres d&#8217;adequaci\u00f3 del nou espai per a mascotes situat al parc de l&#8217;Alquen\u00e8ncia. Un projecte que es va &hellip; <\/p>\n<p class=\"link-more\"><a href=\"https:\/\/alzira.es\/es\/s-obri-al-public-el-nou-espai-per-a-mascotes-del-parc-de-l-alquenencia\/\" class=\"more-link\">Continuar leyendo<span class=\"screen-reader-text\"> \u00abS\u2019obri al p\u00fablic el nou espai per a mascotes del parc de l\u2019Alquen\u00e8ncia\u00bb<\/span><\/a><\/p>\n","protected":false},"author":12,"featured_media":38868,"comment_status":"","ping_status":"","sticky":false,"template":"","format":"standard","meta":{"_acf_changed":false,"footnotes":""},"categories":[],"tags":[],"class_list":["post-38872","post","type-post","status-publish","format-standard","has-post-thumbnail","hentry"],"acf":[],"_links":{"self":[{"href":"https:\/\/alzira.es\/es\/wp-json\/wp\/v2\/posts\/38872","targetHints":{"allow":["GET"]}}],"collection":[{"href":"https:\/\/alzira.es\/es\/wp-json\/wp\/v2\/posts"}],"about":[{"href":"https:\/\/alzira.es\/es\/wp-json\/wp\/v2\/types\/post"}],"author":[{"embeddable":true,"href":"https:\/\/alzira.es\/es\/wp-json\/wp\/v2\/users\/12"}],"replies":[{"embeddable":true,"href":"https:\/\/alzira.es\/es\/wp-json\/wp\/v2\/comments?post=38872"}],"version-history":[{"count":0,"href":"https:\/\/alzira.es\/es\/wp-json\/wp\/v2\/posts\/38872\/revisions"}],"wp:featuredmedia":[{"embeddable":true,"href":"https:\/\/alzira.es\/es\/wp-json\/wp\/v2\/media\/38868"}],"wp:attachment":[{"href":"https:\/\/alzira.es\/es\/wp-json\/wp\/v2\/media?parent=38872"}],"wp:term":[{"taxonomy":"category","embeddable":true,"href":"https:\/\/alzira.es\/es\/wp-json\/wp\/v2\/categories?post=38872"},{"taxonomy":"post_tag","embeddable":true,"href":"https:\/\/alzira.es\/es\/wp-json\/wp\/v2\/tags?post=38872"}],"curies":[{"name":"wp","href":"https:\/\/api.w.org\/{rel}","templated":true}]}}