{"id":38870,"date":"2019-02-15T10:04:20","date_gmt":"2019-02-15T09:04:20","guid":{"rendered":"https:\/\/alzira.es\/se-abre-al-publico-el-nuevo-espacio-para-mascotas-del-parque-de-l-alquenencia\/"},"modified":"2019-02-15T10:04:20","modified_gmt":"2019-02-15T09:04:20","slug":"se-abre-al-publico-el-nuevo-espacio-para-mascotas-del-parque-de-l-alquenencia","status":"publish","type":"post","link":"https:\/\/alzira.es\/es\/se-abre-al-publico-el-nuevo-espacio-para-mascotas-del-parque-de-l-alquenencia\/","title":{"rendered":"Se abre al p\u00fablico el nuevo espacio para mascotas del parque de l&#8217;Alquen\u00e8ncia"},"content":{"rendered":"<p style=\"text-align: justify;\"><strong><a href=\"https:\/\/alzira.es\/wp-content\/uploads\/2019\/02\/20190215_110537.jpg\" target=\"_blank\" rel=\"noopener\"><img fetchpriority=\"high\" decoding=\"async\" class=\" alignleft size-full wp-image-38868\" style=\"margin-right: 10px; float: left;\" title=\"Se abre al p\u00fablico el nuevo espacio para mascotas del parque de l'Alquen\u00e8ncia\" src=\"https:\/\/alzira.es\/wp-content\/uploads\/2019\/02\/20190215_110537.jpg\" alt=\"20190215 110537\" width=\"600\" height=\"450\" srcset=\"https:\/\/alzira.es\/wp-content\/uploads\/2019\/02\/20190215_110537.jpg 1200w, https:\/\/alzira.es\/wp-content\/uploads\/2019\/02\/20190215_110537-680x510.jpg 680w, https:\/\/alzira.es\/wp-content\/uploads\/2019\/02\/20190215_110537-768x576.jpg 768w\" sizes=\"(max-width: 600px) 100vw, 600px\" \/><\/a>Alzira, 15 de febrero de 2019 &#8211;<\/strong> A partir de hoy, viernes 15 de febrero de 2019, se abre a los usuarios el nuevo parque canino, ubicado en el parque de l&#8217;Alquen\u00e8ncia.<\/p>\n<p style=\"text-align: justify;\">La Concejal\u00eda de Gesti\u00f3n Urban\u00edstica ha finalizado las obras de adecuaci\u00f3n del nuevo espacio para mascotas situado en el parque de l&#8217;Alquen\u00e8ncia. Un proyecto que se empez\u00f3 a gestar el verano de 2018 y que a estas alturas ya es una realidad, con una superficie de m\u00e1s de 2.000 m2 dedicados al esparcimiento para mascotas que, adem\u00e1s de juegos, cuenta con bancos, c\u00e9sped y agua. A estas alturas esta es una de las zonas m\u00e1s grandes dedicada a los animales de toda nuestra provincia.<\/p>\n<p style=\"text-align: justify;\">El parque de l&#8217;Alquen\u00e8ncia ser\u00e1 a partir de ahora un punto de encuentro para que las mascotas disfruten de un espacio con juegos y una amplia zona de esparcimiento, pero tambi\u00e9n para que los propietarios puedan compartir espacio y tiempo con sus perros en una zona delimitada y acondicionada para todos ellos. Cabe recordar que tanto la zona de mascotas como el parque tendr\u00e1n la se\u00f1alizaci\u00f3n adecuada para que el vecindario, usuarios, grandes y peque\u00f1os disfruten del parque de l&#8217;Alquen\u00e8ncia de manera agradable.<\/p>\n<p style=\"text-align: justify;\">Fernando Pascual, concejal de Gesti\u00f3n Urban\u00edstica, ha declarado al respecto \u00abEste es un gran proyecto que hemos realizado con mucha ilusi\u00f3n y responsabilidad, porque se ha elaborado pensando en todos: en el vecindario, en los usuarios y en las mascotas. Hemos conseguido un espacio adecuado para que las mascotas tengan una zona con elementos, juegos y un entorno de acuerdo con sus necesidades. Es importante tambi\u00e9n que todos tomemos conciencia de nuestros espacios, respetamos las normativas y, sobre todo, cuidamos de los nuestros y de nuestro entorno, que al fin y al cabo es de todos los ciudadanos\u00bb.<\/p>\n","protected":false},"excerpt":{"rendered":"<p>Alzira, 15 de febrero de 2019 &#8211; A partir de hoy, viernes 15 de febrero de 2019, se abre a los usuarios el nuevo parque canino, ubicado en el parque de l&#8217;Alquen\u00e8ncia. La Concejal\u00eda de Gesti\u00f3n Urban\u00edstica ha finalizado las obras de adecuaci\u00f3n del nuevo espacio para mascotas situado en el parque de l&#8217;Alquen\u00e8ncia. Un &hellip; <\/p>\n<p class=\"link-more\"><a href=\"https:\/\/alzira.es\/es\/se-abre-al-publico-el-nuevo-espacio-para-mascotas-del-parque-de-l-alquenencia\/\" class=\"more-link\">Continuar leyendo<span class=\"screen-reader-text\"> \u00abSe abre al p\u00fablico el nuevo espacio para mascotas del parque de l&#8217;Alquen\u00e8ncia\u00bb<\/span><\/a><\/p>\n","protected":false},"author":12,"featured_media":38868,"comment_status":"","ping_status":"","sticky":false,"template":"","format":"standard","meta":{"_acf_changed":false,"footnotes":""},"categories":[4936],"tags":[],"class_list":["post-38870","post","type-post","status-publish","format-standard","has-post-thumbnail","hentry","category-hemeroteca-es"],"acf":[],"_links":{"self":[{"href":"https:\/\/alzira.es\/es\/wp-json\/wp\/v2\/posts\/38870","targetHints":{"allow":["GET"]}}],"collection":[{"href":"https:\/\/alzira.es\/es\/wp-json\/wp\/v2\/posts"}],"about":[{"href":"https:\/\/alzira.es\/es\/wp-json\/wp\/v2\/types\/post"}],"author":[{"embeddable":true,"href":"https:\/\/alzira.es\/es\/wp-json\/wp\/v2\/users\/12"}],"replies":[{"embeddable":true,"href":"https:\/\/alzira.es\/es\/wp-json\/wp\/v2\/comments?post=38870"}],"version-history":[{"count":0,"href":"https:\/\/alzira.es\/es\/wp-json\/wp\/v2\/posts\/38870\/revisions"}],"wp:featuredmedia":[{"embeddable":true,"href":"https:\/\/alzira.es\/es\/wp-json\/wp\/v2\/media\/38868"}],"wp:attachment":[{"href":"https:\/\/alzira.es\/es\/wp-json\/wp\/v2\/media?parent=38870"}],"wp:term":[{"taxonomy":"category","embeddable":true,"href":"https:\/\/alzira.es\/es\/wp-json\/wp\/v2\/categories?post=38870"},{"taxonomy":"post_tag","embeddable":true,"href":"https:\/\/alzira.es\/es\/wp-json\/wp\/v2\/tags?post=38870"}],"curies":[{"name":"wp","href":"https:\/\/api.w.org\/{rel}","templated":true}]}}