{"id":38863,"date":"2019-02-15T09:52:01","date_gmt":"2019-02-15T08:52:01","guid":{"rendered":"https:\/\/alzira.es\/el-ayuntamiento-de-alzira-acuerda-la-ampliacion-de-65-ayudas-mas-al-transporte-universitario\/"},"modified":"2019-02-15T09:52:01","modified_gmt":"2019-02-15T08:52:01","slug":"el-ayuntamiento-de-alzira-acuerda-la-ampliacion-de-65-ayudas-mas-al-transporte-universitario","status":"publish","type":"post","link":"https:\/\/alzira.es\/es\/el-ayuntamiento-de-alzira-acuerda-la-ampliacion-de-65-ayudas-mas-al-transporte-universitario\/","title":{"rendered":"El Ayuntamiento de Alzira acuerda la ampliaci\u00f3n de 65 ayudas m\u00e1s al transporte universitario"},"content":{"rendered":"<p style=\"text-align: justify;\"><strong><a href=\"https:\/\/alzira.es\/wp-content\/uploads\/2019\/02\/img_randres_20160225-140316_imagenes_lv_terceros_renfe1-ki6D-U411652688691nWF-992x558LaVanguardia-Web.jpg\" target=\"_blank\" rel=\"noopener\"><img fetchpriority=\"high\" decoding=\"async\" class=\" alignleft size-full wp-image-38860\" style=\"margin-right: 10px; float: left;\" title=\"El Ayuntamiento de Alzira acuerda la ampliaci\u00f3n de 65 ayudas m\u00e1s al transporte universitario\" src=\"https:\/\/alzira.es\/wp-content\/uploads\/2019\/02\/img_randres_20160225-140316_imagenes_lv_terceros_renfe1-ki6D-U411652688691nWF-992x558LaVanguardia-Web.jpg\" alt=\"img randres 20160225-140316 imagenes lv terceros renfe1-ki6D-U411652688691nWF-992x558LaVanguardia-Web\" width=\"600\" height=\"338\" srcset=\"https:\/\/alzira.es\/wp-content\/uploads\/2019\/02\/img_randres_20160225-140316_imagenes_lv_terceros_renfe1-ki6D-U411652688691nWF-992x558LaVanguardia-Web.jpg 992w, https:\/\/alzira.es\/wp-content\/uploads\/2019\/02\/img_randres_20160225-140316_imagenes_lv_terceros_renfe1-ki6D-U411652688691nWF-992x558LaVanguardia-Web-680x383.jpg 680w, https:\/\/alzira.es\/wp-content\/uploads\/2019\/02\/img_randres_20160225-140316_imagenes_lv_terceros_renfe1-ki6D-U411652688691nWF-992x558LaVanguardia-Web-768x432.jpg 768w\" sizes=\"(max-width: 600px) 100vw, 600px\" \/><\/a>Alzira, 15 de febrero de 2019<\/strong> &#8211; El pasado mes de octubre de 2018 la Concejal\u00eda de Educaci\u00f3n otorg\u00f3 las ayudas al transporte universitario, que incluyen gastos de desplazamiento derivados de la realizaci\u00f3n de los estudios en centros situados fuera del t\u00e9rmino municipal de Alzira:<\/p>\n<p style=\"text-align: justify;\"><strong>a)<\/strong> Estudios universitarios en las universidades p\u00fablicas y privadas que integran el Sistema Universitario Valenciano, as\u00ed como sus centros adscritos.<br \/><strong>b)<\/strong> Ciclos Formativos de Grado Superior.<br \/><strong>c)<\/strong> Ense\u00f1anzas superiores de r\u00e9gimen especial.<\/p>\n<p style=\"text-align: justify;\">La ampliaci\u00f3n de estas ayudas al transporte universitario van destinadas a 65 estudiantes que hab\u00edan hecho su pertinente solicitud y se hab\u00edan quedado fuera, aunque s\u00ed que reun\u00edan los requisitos econ\u00f3micos. Es por esto que a estas 65 personas se les conceder\u00e1 una ayuda de 100\u20ac.<\/p>\n<p style=\"text-align: justify;\">Pepe Grau, concejal de Educaci\u00f3n e Infancia, se\u00f1ala al respecto \u00abTal como anunciamos el a\u00f1o pasado, el objetivo de estas ayudas que lanza la Concejal\u00eda de Educaci\u00f3n es la de colaborar con los gastos de desplazamiento derivados de la realizaci\u00f3n de estudios universitarios en las universidades p\u00fablicas y privadas que integran el Sistema Universitario Valenciano. Por lo tanto, con la ampliaci\u00f3n de las ayudas a 65 estudiantes, hemos otorgado las ayudas al transporte universitario a todos los que re\u00fanen los requisitos solicitados a fecha del mes de octubre de 2018\u00bb.<\/p>\n","protected":false},"excerpt":{"rendered":"<p>Alzira, 15 de febrero de 2019 &#8211; El pasado mes de octubre de 2018 la Concejal\u00eda de Educaci\u00f3n otorg\u00f3 las ayudas al transporte universitario, que incluyen gastos de desplazamiento derivados de la realizaci\u00f3n de los estudios en centros situados fuera del t\u00e9rmino municipal de Alzira: a) Estudios universitarios en las universidades p\u00fablicas y privadas que &hellip; <\/p>\n<p class=\"link-more\"><a href=\"https:\/\/alzira.es\/es\/el-ayuntamiento-de-alzira-acuerda-la-ampliacion-de-65-ayudas-mas-al-transporte-universitario\/\" class=\"more-link\">Continuar leyendo<span class=\"screen-reader-text\"> \u00abEl Ayuntamiento de Alzira acuerda la ampliaci\u00f3n de 65 ayudas m\u00e1s al transporte universitario\u00bb<\/span><\/a><\/p>\n","protected":false},"author":12,"featured_media":33319,"comment_status":"","ping_status":"","sticky":false,"template":"","format":"standard","meta":{"_acf_changed":false,"footnotes":""},"categories":[4936],"tags":[],"class_list":["post-38863","post","type-post","status-publish","format-standard","has-post-thumbnail","hentry","category-hemeroteca-es"],"acf":[],"_links":{"self":[{"href":"https:\/\/alzira.es\/es\/wp-json\/wp\/v2\/posts\/38863","targetHints":{"allow":["GET"]}}],"collection":[{"href":"https:\/\/alzira.es\/es\/wp-json\/wp\/v2\/posts"}],"about":[{"href":"https:\/\/alzira.es\/es\/wp-json\/wp\/v2\/types\/post"}],"author":[{"embeddable":true,"href":"https:\/\/alzira.es\/es\/wp-json\/wp\/v2\/users\/12"}],"replies":[{"embeddable":true,"href":"https:\/\/alzira.es\/es\/wp-json\/wp\/v2\/comments?post=38863"}],"version-history":[{"count":0,"href":"https:\/\/alzira.es\/es\/wp-json\/wp\/v2\/posts\/38863\/revisions"}],"wp:featuredmedia":[{"embeddable":true,"href":"https:\/\/alzira.es\/es\/wp-json\/wp\/v2\/media\/33319"}],"wp:attachment":[{"href":"https:\/\/alzira.es\/es\/wp-json\/wp\/v2\/media?parent=38863"}],"wp:term":[{"taxonomy":"category","embeddable":true,"href":"https:\/\/alzira.es\/es\/wp-json\/wp\/v2\/categories?post=38863"},{"taxonomy":"post_tag","embeddable":true,"href":"https:\/\/alzira.es\/es\/wp-json\/wp\/v2\/tags?post=38863"}],"curies":[{"name":"wp","href":"https:\/\/api.w.org\/{rel}","templated":true}]}}