{"id":38852,"date":"2019-02-15T08:36:00","date_gmt":"2019-02-15T07:36:00","guid":{"rendered":"https:\/\/alzira.es\/alzira-presenta-por-tercer-ano-consecutivo-el-voluntariado-por-el-valenciano\/"},"modified":"2019-02-15T08:36:00","modified_gmt":"2019-02-15T07:36:00","slug":"alzira-presenta-por-tercer-ano-consecutivo-el-voluntariado-por-el-valenciano","status":"publish","type":"post","link":"https:\/\/alzira.es\/es\/alzira-presenta-por-tercer-ano-consecutivo-el-voluntariado-por-el-valenciano\/","title":{"rendered":"Alzira presenta, por tercer a\u00f1o consecutivo, el Voluntariat pel Valenci\u00e0"},"content":{"rendered":"<p style=\"text-align: justify;\"><strong>Alzira, 15 de febrero de 2019.-<\/strong> Por tercer a\u00f1o consecutivo, el Ayuntamiento de Alzira y Escola Valenciana han presentado la campa\u00f1a del Voluntariat pel Valenci\u00e0, un proyecto de participaci\u00f3n ling\u00fc\u00edstica que tiene por objetivo poner en contacto a voluntarios que quieran destinar una hora a la semana (durante un m\u00ednimo de 10 semanas) a conversar con personas que quieran lanzarse a hablar en valenciano.<\/p>\n<p style=\"text-align: justify;\">Son muchas las personas que desean utilizar el valenciano para comunicarse y necesitan situaciones reales de la vida para hacerlo.<\/p>\n<p style=\"text-align: justify;\">Tambi\u00e9n las personas que aprenden valenciano en las aulas necesitan completar el aprendizaje de la lengua oral.&nbsp;Voluntariat pel Valenci\u00e0 puede ayudarles a superar la posible inseguridad que provoca el uso de una nueva lengua.<\/p>\n<p style=\"text-align: justify;\">Es una manera de facilitar este contacto personal entre un hablante del valenciano y una persona dispuesta a reforzar el aprendizaje previo.&nbsp;<\/p>\n<p style=\"text-align: justify;\">Esta iniciativa, adem\u00e1s de facilitar un interlocutor para poder conversar en valenciano quiere incidir en los h\u00e1bitos ling\u00fc\u00edsticos de los valencianoparlantes y consolidar la idea de que el valenciano es y debe ser \u00ablengua de acogida\u00bb.<\/p>\n<p style=\"text-align: justify;\">El acto fue presentado por el alcalde de Alzira, Diego G\u00f3mez, que destac\u00f3 \u00abla importancia de socializar el valenciano a trav\u00e9s de la sociedad civil en un proyecto sencillo para normalizar nuestra lengua\u00bb.<\/p>\n<p style=\"text-align: justify;\">Vicent Moreno, maestro y expresidente de Escola Valenciana, recalc\u00f3 que \u00absi tenemos que aprender la lengua hay que perder el miedo a hablarla\u00bb.<\/p>\n<p style=\"text-align: justify;\">Y como un ejemplo bien ilustrado, Vicente Moreno explic\u00f3 el caso de Dariana Groza, coordinadora del Programa. Groza es rumana de origen y una muestra muy evidente de que el valenciano \u00abes una herramienta ideal para integrar los reci\u00e9n llegados\u00bb.<\/p>\n<p style=\"text-align: justify;\">Esta activista recalc\u00f3 en el acto que \u00absi no utilizamos nuestra lengua tenemos el riesgo de que desaparezca y, por eso, yo estoy comprometida con el impulso del Voluntariado\u00bb.<\/p>\n<p style=\"text-align: justify;\">La profesora Pura Santacreu aport\u00f3 el material que se utilizar\u00e1 en la campa\u00f1a, el cual se compone de un cuaderno de actividades y de un librito en el que diez escritoras valencianas aportan unos textos sobre diversos aspectos de la cultura valenciana.<\/p>\n<p style=\"text-align: justify;\">Por su parte, el t\u00e9cnico municipal del SERVAL, Jordi Gim\u00e9nez, explic\u00f3 el proceso para que la ciudadan\u00eda pariticipe en el Voluntariado.<\/p>\n<p style=\"text-align: justify;\">El&nbsp;Voluntariat pel Valenci\u00e0 de Escuela Valenciana se cre\u00f3 en 2005 y, en estos 12 a\u00f1os de bagaje, ha conseguido poner en contacto cerca de 23.000 voluntarios y voluntarias de 72 localidades diferentes.<\/p>\n<p style=\"text-align: justify;\">El acto es de notable importancia tanto para la ense\u00f1anza y promoci\u00f3n del valenciano como por lo que supone de proyecto de integraci\u00f3n en nuestra sociedad para las personas que vienen de fuera de Alzira y de la Comunidad Valenciana y que quieran aprender la cultura, costumbres e idioma propios de los valencianos.&nbsp;<\/p>\n<p style=\"text-align: center;\"><a href=\"https:\/\/alzira.es\/wp-content\/uploads\/2019\/02\/IMG_9283.jpg\" target=\"_blank\" rel=\"noopener\"><img fetchpriority=\"high\" decoding=\"async\" class=\" size-full wp-image-38845\" title=\"Alzira presenta, por tercer a\u00f1o consecutivo, el Voluntariado por el Valenciano\" src=\"https:\/\/alzira.es\/wp-content\/uploads\/2019\/02\/IMG_9283.jpg\" alt=\"IMG 9283\" width=\"400\" height=\"267\" \/><\/a>&nbsp;<a href=\"https:\/\/alzira.es\/wp-content\/uploads\/2019\/02\/IMG_9300.jpg\" target=\"_blank\" rel=\"noopener\"><img decoding=\"async\" class=\"size-full wp-image-38849 lazyload\" title=\"Alzira presenta, por tercer a\u00f1o consecutivo, el Voluntariado por el Valenciano\" data-src=\"https:\/\/alzira.es\/wp-content\/uploads\/2019\/02\/IMG_9300.jpg\" alt=\"IMG 9300\" width=\"400\" height=\"267\" src=\"data:image\/svg+xml;base64,PHN2ZyB3aWR0aD0iMSIgaGVpZ2h0PSIxIiB4bWxucz0iaHR0cDovL3d3dy53My5vcmcvMjAwMC9zdmciPjwvc3ZnPg==\" style=\"--smush-placeholder-width: 400px; --smush-placeholder-aspect-ratio: 400\/267;\" \/><\/a><\/p>\n","protected":false},"excerpt":{"rendered":"<p>Alzira, 15 de febrero de 2019.- Por tercer a\u00f1o consecutivo, el Ayuntamiento de Alzira y Escola Valenciana han presentado la campa\u00f1a del Voluntariat pel Valenci\u00e0, un proyecto de participaci\u00f3n ling\u00fc\u00edstica que tiene por objetivo poner en contacto a voluntarios que quieran destinar una hora a la semana (durante un m\u00ednimo de 10 semanas) a conversar &hellip; <\/p>\n<p class=\"link-more\"><a href=\"https:\/\/alzira.es\/es\/alzira-presenta-por-tercer-ano-consecutivo-el-voluntariado-por-el-valenciano\/\" class=\"more-link\">Continuar leyendo<span class=\"screen-reader-text\"> \u00abAlzira presenta, por tercer a\u00f1o consecutivo, el Voluntariat pel Valenci\u00e0\u00bb<\/span><\/a><\/p>\n","protected":false},"author":12,"featured_media":38846,"comment_status":"","ping_status":"","sticky":false,"template":"","format":"standard","meta":{"_acf_changed":false,"footnotes":""},"categories":[4936],"tags":[],"class_list":["post-38852","post","type-post","status-publish","format-standard","has-post-thumbnail","hentry","category-hemeroteca-es"],"acf":[],"_links":{"self":[{"href":"https:\/\/alzira.es\/es\/wp-json\/wp\/v2\/posts\/38852","targetHints":{"allow":["GET"]}}],"collection":[{"href":"https:\/\/alzira.es\/es\/wp-json\/wp\/v2\/posts"}],"about":[{"href":"https:\/\/alzira.es\/es\/wp-json\/wp\/v2\/types\/post"}],"author":[{"embeddable":true,"href":"https:\/\/alzira.es\/es\/wp-json\/wp\/v2\/users\/12"}],"replies":[{"embeddable":true,"href":"https:\/\/alzira.es\/es\/wp-json\/wp\/v2\/comments?post=38852"}],"version-history":[{"count":0,"href":"https:\/\/alzira.es\/es\/wp-json\/wp\/v2\/posts\/38852\/revisions"}],"wp:featuredmedia":[{"embeddable":true,"href":"https:\/\/alzira.es\/es\/wp-json\/wp\/v2\/media\/38846"}],"wp:attachment":[{"href":"https:\/\/alzira.es\/es\/wp-json\/wp\/v2\/media?parent=38852"}],"wp:term":[{"taxonomy":"category","embeddable":true,"href":"https:\/\/alzira.es\/es\/wp-json\/wp\/v2\/categories?post=38852"},{"taxonomy":"post_tag","embeddable":true,"href":"https:\/\/alzira.es\/es\/wp-json\/wp\/v2\/tags?post=38852"}],"curies":[{"name":"wp","href":"https:\/\/api.w.org\/{rel}","templated":true}]}}