{"id":38726,"date":"2019-02-16T12:00:00","date_gmt":"2019-02-16T11:00:00","guid":{"rendered":"https:\/\/alzira.es\/concert-aula-suzuki\/"},"modified":"2019-02-16T12:00:00","modified_gmt":"2019-02-16T11:00:00","slug":"concert-aula-suzuki","status":"publish","type":"post","link":"https:\/\/alzira.es\/es\/concert-aula-suzuki\/","title":{"rendered":"CONCERT AULA SUZUKI"},"content":{"rendered":"<p>DISSABTE 16 DE FEBRER DE 2019<br \/>BEBETECA MUNICIPAL D&#8217;ALZIRA<br \/>Actuaci\u00f3 de l&#8217;aula Suzuki de m\u00fasica de flauta, xiquets i xiquetes d&#8217;aquesta aula donaran un concert a les 12 del mat\u00ed a la Bebeteca.<br \/>Quedeu convidats tots els adults amb menudes i menuts per con\u00e8ixer la m\u00fasica I comen\u00e7ar a estimar-la.<\/p>\n<p><a href=\"https:\/\/alzira.es\/wp-content\/uploads\/2019\/02\/IMG-20170718-WA0002.jpg\" target=\"_blank\" rel=\"noopener\"><img fetchpriority=\"high\" decoding=\"async\" class=\" size-full wp-image-38720\" style=\"display: block; margin-left: auto; margin-right: auto;\" src=\"https:\/\/alzira.es\/wp-content\/uploads\/2019\/02\/IMG-20170718-WA0002.jpg\" alt=\"IMG-20170718-WA0002\" width=\"600\" height=\"338\" srcset=\"https:\/\/alzira.es\/wp-content\/uploads\/2019\/02\/IMG-20170718-WA0002.jpg 1600w, https:\/\/alzira.es\/wp-content\/uploads\/2019\/02\/IMG-20170718-WA0002-680x383.jpg 680w, https:\/\/alzira.es\/wp-content\/uploads\/2019\/02\/IMG-20170718-WA0002-1430x804.jpg 1430w, https:\/\/alzira.es\/wp-content\/uploads\/2019\/02\/IMG-20170718-WA0002-768x432.jpg 768w, https:\/\/alzira.es\/wp-content\/uploads\/2019\/02\/IMG-20170718-WA0002-1536x864.jpg 1536w\" sizes=\"(max-width: 600px) 100vw, 600px\" \/><\/a><\/p>\n","protected":false},"excerpt":{"rendered":"<p>DISSABTE 16 DE FEBRER DE 2019BEBETECA MUNICIPAL D&#8217;ALZIRAActuaci\u00f3 de l&#8217;aula Suzuki de m\u00fasica de flauta, xiquets i xiquetes d&#8217;aquesta aula donaran un concert a les 12 del mat\u00ed a la Bebeteca.Quedeu convidats tots els adults amb menudes i menuts per con\u00e8ixer la m\u00fasica I comen\u00e7ar a estimar-la.<\/p>\n","protected":false},"author":29,"featured_media":38720,"comment_status":"","ping_status":"","sticky":false,"template":"","format":"standard","meta":{"_acf_changed":false,"footnotes":""},"categories":[],"tags":[],"class_list":["post-38726","post","type-post","status-publish","format-standard","has-post-thumbnail","hentry"],"acf":[],"_links":{"self":[{"href":"https:\/\/alzira.es\/es\/wp-json\/wp\/v2\/posts\/38726","targetHints":{"allow":["GET"]}}],"collection":[{"href":"https:\/\/alzira.es\/es\/wp-json\/wp\/v2\/posts"}],"about":[{"href":"https:\/\/alzira.es\/es\/wp-json\/wp\/v2\/types\/post"}],"author":[{"embeddable":true,"href":"https:\/\/alzira.es\/es\/wp-json\/wp\/v2\/users\/29"}],"replies":[{"embeddable":true,"href":"https:\/\/alzira.es\/es\/wp-json\/wp\/v2\/comments?post=38726"}],"version-history":[{"count":0,"href":"https:\/\/alzira.es\/es\/wp-json\/wp\/v2\/posts\/38726\/revisions"}],"wp:featuredmedia":[{"embeddable":true,"href":"https:\/\/alzira.es\/es\/wp-json\/wp\/v2\/media\/38720"}],"wp:attachment":[{"href":"https:\/\/alzira.es\/es\/wp-json\/wp\/v2\/media?parent=38726"}],"wp:term":[{"taxonomy":"category","embeddable":true,"href":"https:\/\/alzira.es\/es\/wp-json\/wp\/v2\/categories?post=38726"},{"taxonomy":"post_tag","embeddable":true,"href":"https:\/\/alzira.es\/es\/wp-json\/wp\/v2\/tags?post=38726"}],"curies":[{"name":"wp","href":"https:\/\/api.w.org\/{rel}","templated":true}]}}