{"id":38718,"date":"2019-02-20T19:00:00","date_gmt":"2019-02-20T18:00:00","guid":{"rendered":"https:\/\/alzira.es\/exposicio-creadores-dones-de-ciencia\/"},"modified":"2019-02-20T19:00:00","modified_gmt":"2019-02-20T18:00:00","slug":"exposicio-creadores-dones-de-ciencia","status":"publish","type":"post","link":"https:\/\/alzira.es\/es\/exposicio-creadores-dones-de-ciencia\/","title":{"rendered":"Exposici\u00f3 Creadores: Dones de ci\u00e8ncia"},"content":{"rendered":"<p>&nbsp;<\/p>\n<p>&nbsp;<\/p>\n<p style=\"text-align: center;\"><span style=\"text-decoration: underline;\"><span class=\"txt-benvingut\">Click a la image per a m\u00e9s informaci\u00f2:<\/span><\/span><\/p>\n<p class=\"componentheading\" style=\"text-align: center;\"><span style=\"font-size: 10pt;\"><em><span style=\"text-decoration: underline;\"><span class=\"txt-benvingut\"><span style=\"color: #222222; font-family: Arial, Helvetica, sans-serif; font-size: small; text-align: justify;\">Es necessari concertar cita per assistir. Es pot concertar cita al tel\u00e8fon 962455926 o a l\u2019adre\u00e7a electr\u00f2nica&nbsp;<a style=\"color: #1155cc; font-family: Arial, Helvetica, sans-serif; font-size: small; text-align: justify;\" href=\"mailto:igualtat@alzira.es\" target=\"_blank\" rel=\"noopener\">igualtat@alzira.es<\/a><\/span><span style=\"font-size: 10pt;\"><br \/><\/span><\/span> <\/span> <\/em> <\/span><\/p>\n<p style=\"text-align: center;\"><span style=\"text-decoration: underline;\"><span class=\"txt-benvingut\"><\/span><\/span><a href=\"https:\/\/alzira.es\/wp-content\/uploads\/2019\/02\/CREADORES_1.png\"><img fetchpriority=\"high\" decoding=\"async\" width=\"664\" height=\"934\" class=\" size-full wp-image-38711\" style=\"display: block; margin-left: auto; margin-right: auto;\" src=\"https:\/\/alzira.es\/wp-content\/uploads\/2019\/02\/CREADORES.jpg\" alt=\"CREADORES\" srcset=\"https:\/\/alzira.es\/wp-content\/uploads\/2019\/02\/CREADORES.jpg 664w, https:\/\/alzira.es\/wp-content\/uploads\/2019\/02\/CREADORES-363x510.jpg 363w\" sizes=\"(max-width: 664px) 100vw, 664px\" \/><\/a><\/p>\n","protected":false},"excerpt":{"rendered":"<p>&nbsp; &nbsp; Click a la image per a m\u00e9s informaci\u00f2: Es necessari concertar cita per assistir. Es pot concertar cita al tel\u00e8fon 962455926 o a l\u2019adre\u00e7a electr\u00f2nica&nbsp;igualtat@alzira.es<\/p>\n","protected":false},"author":12,"featured_media":38714,"comment_status":"","ping_status":"","sticky":false,"template":"","format":"standard","meta":{"_acf_changed":false,"footnotes":""},"categories":[],"tags":[],"class_list":["post-38718","post","type-post","status-publish","format-standard","has-post-thumbnail","hentry"],"acf":[],"_links":{"self":[{"href":"https:\/\/alzira.es\/es\/wp-json\/wp\/v2\/posts\/38718","targetHints":{"allow":["GET"]}}],"collection":[{"href":"https:\/\/alzira.es\/es\/wp-json\/wp\/v2\/posts"}],"about":[{"href":"https:\/\/alzira.es\/es\/wp-json\/wp\/v2\/types\/post"}],"author":[{"embeddable":true,"href":"https:\/\/alzira.es\/es\/wp-json\/wp\/v2\/users\/12"}],"replies":[{"embeddable":true,"href":"https:\/\/alzira.es\/es\/wp-json\/wp\/v2\/comments?post=38718"}],"version-history":[{"count":0,"href":"https:\/\/alzira.es\/es\/wp-json\/wp\/v2\/posts\/38718\/revisions"}],"wp:featuredmedia":[{"embeddable":true,"href":"https:\/\/alzira.es\/es\/wp-json\/wp\/v2\/media\/38714"}],"wp:attachment":[{"href":"https:\/\/alzira.es\/es\/wp-json\/wp\/v2\/media?parent=38718"}],"wp:term":[{"taxonomy":"category","embeddable":true,"href":"https:\/\/alzira.es\/es\/wp-json\/wp\/v2\/categories?post=38718"},{"taxonomy":"post_tag","embeddable":true,"href":"https:\/\/alzira.es\/es\/wp-json\/wp\/v2\/tags?post=38718"}],"curies":[{"name":"wp","href":"https:\/\/api.w.org\/{rel}","templated":true}]}}