{"id":38696,"date":"2019-02-14T15:48:25","date_gmt":"2019-02-14T14:48:25","guid":{"rendered":"https:\/\/alzira.es\/la-diputacion-cede-una-parcela-de-3-255-m2-en-el-ayuntamiento-de-alzira-para-el-nuevo-aparcamiento-del-hospital-de-alzira\/"},"modified":"2019-02-14T15:48:25","modified_gmt":"2019-02-14T14:48:25","slug":"la-diputacion-cede-una-parcela-de-3-255-m2-en-el-ayuntamiento-de-alzira-para-el-nuevo-aparcamiento-del-hospital-de-alzira","status":"publish","type":"post","link":"https:\/\/alzira.es\/es\/la-diputacion-cede-una-parcela-de-3-255-m2-en-el-ayuntamiento-de-alzira-para-el-nuevo-aparcamiento-del-hospital-de-alzira\/","title":{"rendered":"La Diputaci\u00f3n cede una parcela de 3.255 m2 en el Ayuntamiento de Alzira para el nuevo aparcamiento del Hospital de Alzira"},"content":{"rendered":"<p style=\"text-align: justify;\"><strong>14 de febrero de 2019<\/strong>. El Ayuntamiento de Alzira y el Hospital de la Ribera disponen de una parcela cedida por la Diputaci\u00f3n de 3.255 m2, en el pol\u00edgono 48 de Alzira, para destinarla al aparcamiento provisional de veh\u00edculos para los vecinos y vecinas de la localidad y para los usuarios y las usuarias del hospital. As\u00ed lo ha comunicado la vicepresidenta de la Diputaci\u00f3n, Mar\u00eda Jos\u00e9 Amig\u00f3, junto al alcalde de Alzira, Diego G\u00f3mez.<\/p>\n<p style=\"text-align: justify;\">Amig\u00f3, durante su intervenci\u00f3n en la rueda de prensa que se ha realizado el futuro aparcamiento, ha destacado que \u00abesta cesi\u00f3n de la infraestructura por parte de la Diputaci\u00f3n era muy necesaria para que el Ayuntamiento pueda habilitar m\u00e1s lugares de aparcamiento\u00bb. Pero adem\u00e1s, la vicepresidenta, ha resaltado que desde hace casi un a\u00f1o el Hospital de la Ribera es de dominio p\u00fablico \u00abtrabajamos de manera inmediata para que pueda ser una realidad, y porque el trabajo que realizamos de manera interinstitucional sea m\u00e1s eficiente y as\u00ed poder ofrecer un mejor servicio a los usuarios y usuarias del Hospital, hospital que abarca toda la comarca de la Ribera\u00bb.<\/p>\n<p style=\"text-align: justify;\">Por su parte, el alcalde de Alzira, Diego G\u00f3mez, ha manifestado que \u00abesta cesi\u00f3n por parte de la Diputaci\u00f3n se ha convertido en una realidad despu\u00e9s de ser una gran reivindicaci\u00f3n por parte de todos los municipios de la Ribera\u00bb. \u00abEste terreno que se convertir\u00e1 en aparcamiento de entre 80 y 100 plazas, tal y como nos han dicho los t\u00e9cnicos del consistorio, que han realizado el estudio, tendr\u00e1 una gastos de 150.000 euros, que intentaremos gestionarlo de forma mancomunada, entre la Mancomunidad de la Ribera y el Ayuntamiento de Alzira \u00abexpres\u00f3 G\u00f3mez.<\/p>\n<p style=\"text-align: justify;\">El terreno cedido que se encuentra a la altura de la carretera CV-510, de la cual el ente provincial es titular, se deber\u00e1 hacer el acceso al futuro aparcamiento en la parte m\u00e1s alejada de la rotonda, con el fin de no influir negativamente en la carretera mencionada. El Ayuntamiento de Alzira ser\u00e1 el encargado de llevar a cabo el proyecto, las obras y la ejecuci\u00f3n para la adaptaci\u00f3n y adecuaci\u00f3n de la parcela, pero que estar\u00e1 supervisado por los t\u00e9cnicos de la Diputaci\u00f3n.<\/p>\n<p style=\"text-align: justify;\">Maria Josep Amig\u00f3 tambi\u00e9n ha querido aclarar que esta cesi\u00f3n se ha realizado tan r\u00e1pidamente porque es mucho m\u00e1s sencillo hacer una cesi\u00f3n a los ayuntamientos que a la Conseller\u00eda, que los tr\u00e1mites pueden ser un poco m\u00e1s lentos, pero tambi\u00e9n \u00abporque desde Diputaci\u00f3n trabajamos m\u00e1s codo a codo con los consistorios, pero siempre apostamos por un trabajo interinstitucional, que es lo que hemos estado llevando a cabo durante esta legislatura\u00bb.<\/p>\n<p style=\"text-align: justify;\">\u00abDesde la Diputaci\u00f3n creemos que la inversi\u00f3n que va a realizarse para la remodelaci\u00f3n de la parcela sea mancomunada es una muy buena iniciativa, porque este hospital da servicio a toda la comarca de la Ribera, y si unimos y unen esfuerzos podemos llegar mucho m\u00e1s lejos\u00bb ha apostillado la vicepresidenta.<\/p>\n<p style=\"text-align: justify;\">Diego G\u00f3mez ha aprovechado la ocasi\u00f3n para poner en valor los avances que se han realizado durante este a\u00f1o, desde que el centro hospitari es de dominio p\u00fablico, \u00abse han recuperado empleos, ha mejorado la cartera de servicios en el centro, y tambi\u00e9n se han realizado mejoras en las infraestructuras, y esta cesi\u00f3n es una muestra\u00bb.<\/p>\n<p style=\"text-align: center;\"><a href=\"https:\/\/alzira.es\/wp-content\/uploads\/2019\/02\/IMG_9259.jpg\" target=\"_blank\" rel=\"noopener\"><img fetchpriority=\"high\" decoding=\"async\" class=\" size-full wp-image-38691\" title=\"La Diputaci\u00f3n cede una parcela de 3.255 m2 en el Ayuntamiento de Alzira para el nuevo aparcamiento del Hospital de Alzira\" src=\"https:\/\/alzira.es\/wp-content\/uploads\/2019\/02\/IMG_9259.jpg\" alt=\"IMG 9259\" width=\"400\" height=\"267\" \/><\/a>&nbsp;<a href=\"https:\/\/alzira.es\/wp-content\/uploads\/2019\/02\/IMG_9274.jpg\" target=\"_blank\" rel=\"noopener\"><img decoding=\"async\" class=\"size-full wp-image-38693 lazyload\" title=\"La Diputaci\u00f3n cede una parcela de 3.255 m2 en el Ayuntamiento de Alzira para el nuevo aparcamiento del Hospital de Alzira\" data-src=\"https:\/\/alzira.es\/wp-content\/uploads\/2019\/02\/IMG_9274.jpg\" alt=\"IMG 9274\" width=\"400\" height=\"267\" src=\"data:image\/svg+xml;base64,PHN2ZyB3aWR0aD0iMSIgaGVpZ2h0PSIxIiB4bWxucz0iaHR0cDovL3d3dy53My5vcmcvMjAwMC9zdmciPjwvc3ZnPg==\" style=\"--smush-placeholder-width: 400px; --smush-placeholder-aspect-ratio: 400\/267;\" \/><\/a><\/p>\n","protected":false},"excerpt":{"rendered":"<p>14 de febrero de 2019. El Ayuntamiento de Alzira y el Hospital de la Ribera disponen de una parcela cedida por la Diputaci\u00f3n de 3.255 m2, en el pol\u00edgono 48 de Alzira, para destinarla al aparcamiento provisional de veh\u00edculos para los vecinos y vecinas de la localidad y para los usuarios y las usuarias del &hellip; <\/p>\n<p class=\"link-more\"><a href=\"https:\/\/alzira.es\/es\/la-diputacion-cede-una-parcela-de-3-255-m2-en-el-ayuntamiento-de-alzira-para-el-nuevo-aparcamiento-del-hospital-de-alzira\/\" class=\"more-link\">Continuar leyendo<span class=\"screen-reader-text\"> \u00abLa Diputaci\u00f3n cede una parcela de 3.255 m2 en el Ayuntamiento de Alzira para el nuevo aparcamiento del Hospital de Alzira\u00bb<\/span><\/a><\/p>\n","protected":false},"author":12,"featured_media":38691,"comment_status":"","ping_status":"","sticky":false,"template":"","format":"standard","meta":{"_acf_changed":false,"footnotes":""},"categories":[4936],"tags":[],"class_list":["post-38696","post","type-post","status-publish","format-standard","has-post-thumbnail","hentry","category-hemeroteca-es"],"acf":[],"_links":{"self":[{"href":"https:\/\/alzira.es\/es\/wp-json\/wp\/v2\/posts\/38696","targetHints":{"allow":["GET"]}}],"collection":[{"href":"https:\/\/alzira.es\/es\/wp-json\/wp\/v2\/posts"}],"about":[{"href":"https:\/\/alzira.es\/es\/wp-json\/wp\/v2\/types\/post"}],"author":[{"embeddable":true,"href":"https:\/\/alzira.es\/es\/wp-json\/wp\/v2\/users\/12"}],"replies":[{"embeddable":true,"href":"https:\/\/alzira.es\/es\/wp-json\/wp\/v2\/comments?post=38696"}],"version-history":[{"count":0,"href":"https:\/\/alzira.es\/es\/wp-json\/wp\/v2\/posts\/38696\/revisions"}],"wp:featuredmedia":[{"embeddable":true,"href":"https:\/\/alzira.es\/es\/wp-json\/wp\/v2\/media\/38691"}],"wp:attachment":[{"href":"https:\/\/alzira.es\/es\/wp-json\/wp\/v2\/media?parent=38696"}],"wp:term":[{"taxonomy":"category","embeddable":true,"href":"https:\/\/alzira.es\/es\/wp-json\/wp\/v2\/categories?post=38696"},{"taxonomy":"post_tag","embeddable":true,"href":"https:\/\/alzira.es\/es\/wp-json\/wp\/v2\/tags?post=38696"}],"curies":[{"name":"wp","href":"https:\/\/api.w.org\/{rel}","templated":true}]}}