{"id":38186,"date":"2019-02-01T13:49:05","date_gmt":"2019-02-01T12:49:05","guid":{"rendered":"https:\/\/alzira.es\/la-policia-local-d-alzira-fa-us-del-nou-dispositiu-de-deteccio-de-drogues-adquirit-per-l-ajuntament\/"},"modified":"2019-02-01T13:49:05","modified_gmt":"2019-02-01T12:49:05","slug":"la-policia-local-d-alzira-fa-us-del-nou-dispositiu-de-deteccio-de-drogues-adquirit-per-l-ajuntament","status":"publish","type":"post","link":"https:\/\/alzira.es\/es\/la-policia-local-d-alzira-fa-us-del-nou-dispositiu-de-deteccio-de-drogues-adquirit-per-l-ajuntament\/","title":{"rendered":"La Polic\u00eda Local de Alzira hace uso del nuevo dispositivo de detecci\u00f3n de drogas adquirido por el Ayuntamiento"},"content":{"rendered":"<p><a href=\"https:\/\/alzira.es\/wp-content\/uploads\/2019\/02\/IMG-20180604-WA0007.jpg\"><img fetchpriority=\"high\" decoding=\"async\" class=\" size-full wp-image-38183\" title=\"La Polic\u00eda Local de Alzira hace uso del nuevo dispositivo de detecci\u00f3n de drogas adquirido por el Ayuntamiento\" src=\"https:\/\/alzira.es\/wp-content\/uploads\/2019\/02\/IMG-20180604-WA0007.jpg\" alt=\"IMG-20180604-WA0007\" width=\"600\" height=\"450\" srcset=\"https:\/\/alzira.es\/wp-content\/uploads\/2019\/02\/IMG-20180604-WA0007.jpg 1600w, https:\/\/alzira.es\/wp-content\/uploads\/2019\/02\/IMG-20180604-WA0007-680x510.jpg 680w, https:\/\/alzira.es\/wp-content\/uploads\/2019\/02\/IMG-20180604-WA0007-1430x1072.jpg 1430w, https:\/\/alzira.es\/wp-content\/uploads\/2019\/02\/IMG-20180604-WA0007-768x576.jpg 768w, https:\/\/alzira.es\/wp-content\/uploads\/2019\/02\/IMG-20180604-WA0007-1536x1152.jpg 1536w\" sizes=\"(max-width: 600px) 100vw, 600px\" \/><\/a><\/p>\n<p style=\"text-align: justify;\"><strong>Alzira, 1 de febrero de 2019.-<\/strong> La Polic\u00eda Local de Alzira ha comenzado a utilizar un nuevo dispositivo de detenci\u00f3n de sustancias estupefacientes con el fin de mejorar la seguridad vial.<\/p>\n<p style=\"text-align: justify;\">Hasta ahora, los agentes realizaban los controles de este tipo con un aparato que se le requer\u00eda a la Agrupaci\u00f3n de Tr\u00e1fico.<\/p>\n<p style=\"text-align: justify;\">La tarde del jueves, en un control preventivo realizado al camino Cabanyes se detect\u00f3 un veh\u00edculo con un conductor que presentaba s\u00edntomas de estar bajo los efectos de sustancias estupefacientes. Los agentes realizaron la prueba correspondiente y result\u00f3 positiva, a la espera de la confirmaci\u00f3n de un laboratorio autorizado.<\/p>\n<p style=\"text-align: justify;\">Antes de comenzar la prueba, el agente inform\u00f3 al conductor de la obligaci\u00f3n de someterse a la misma. Negarse es delito con pena de prisi\u00f3n de 6 meses a 1 a\u00f1o y privaci\u00f3n del derecho a conducir de 1 a 4 a\u00f1os.<\/p>\n<p style=\"text-align: justify;\">La metodolog\u00eda para la actuaci\u00f3n se inicia con una prueba indiciaria que si resulta positiva se env\u00eda a un laboratorio para su an\u00e1lisis y confirmaci\u00f3n del positivo. La sanci\u00f3n es de 1.000 euros y la p\u00e9rdida de 6 puntos.<\/p>\n<p style=\"text-align: justify;\">Los controles preventivos, tanto de detecci\u00f3n de alcohol como de drogas, son un instrumento imprescindible para tratar de sacar de la v\u00eda a todos los conductores que se ponen al volante habiendo consumido alg\u00fan tipo de sustancia psicoactiva; no s\u00f3lo tienen un mayor riesgo de sufrir o producir un accidente, sino que, adem\u00e1s, la mortalidad y la gravedad de las lesiones son mayores.<\/p>\n<p style=\"text-align: justify;\">Sara Gar\u00e9s, concejala de Seguridad, ha manifestado al respecto \u00abNuestra voluntad es la de dotar a la Polic\u00eda Local de los medios necesarios para la prevenci\u00f3n de la seguridad vial y tener calles m\u00e1s seguras para peatones y tambi\u00e9n conductores que cumplen con las normas de circulaci\u00f3n, que son la mayor\u00eda\u00bb.<\/p>\n","protected":false},"excerpt":{"rendered":"<p>Alzira, 1 de febrero de 2019.- La Polic\u00eda Local de Alzira ha comenzado a utilizar un nuevo dispositivo de detenci\u00f3n de sustancias estupefacientes con el fin de mejorar la seguridad vial. Hasta ahora, los agentes realizaban los controles de este tipo con un aparato que se le requer\u00eda a la Agrupaci\u00f3n de Tr\u00e1fico. La tarde &hellip; <\/p>\n<p class=\"link-more\"><a href=\"https:\/\/alzira.es\/es\/la-policia-local-d-alzira-fa-us-del-nou-dispositiu-de-deteccio-de-drogues-adquirit-per-l-ajuntament\/\" class=\"more-link\">Continuar leyendo<span class=\"screen-reader-text\"> \u00abLa Polic\u00eda Local de Alzira hace uso del nuevo dispositivo de detecci\u00f3n de drogas adquirido por el Ayuntamiento\u00bb<\/span><\/a><\/p>\n","protected":false},"author":12,"featured_media":38184,"comment_status":"","ping_status":"","sticky":false,"template":"","format":"standard","meta":{"_acf_changed":false,"footnotes":""},"categories":[4936],"tags":[],"class_list":["post-38186","post","type-post","status-publish","format-standard","has-post-thumbnail","hentry","category-hemeroteca-es"],"acf":[],"_links":{"self":[{"href":"https:\/\/alzira.es\/es\/wp-json\/wp\/v2\/posts\/38186","targetHints":{"allow":["GET"]}}],"collection":[{"href":"https:\/\/alzira.es\/es\/wp-json\/wp\/v2\/posts"}],"about":[{"href":"https:\/\/alzira.es\/es\/wp-json\/wp\/v2\/types\/post"}],"author":[{"embeddable":true,"href":"https:\/\/alzira.es\/es\/wp-json\/wp\/v2\/users\/12"}],"replies":[{"embeddable":true,"href":"https:\/\/alzira.es\/es\/wp-json\/wp\/v2\/comments?post=38186"}],"version-history":[{"count":0,"href":"https:\/\/alzira.es\/es\/wp-json\/wp\/v2\/posts\/38186\/revisions"}],"wp:featuredmedia":[{"embeddable":true,"href":"https:\/\/alzira.es\/es\/wp-json\/wp\/v2\/media\/38184"}],"wp:attachment":[{"href":"https:\/\/alzira.es\/es\/wp-json\/wp\/v2\/media?parent=38186"}],"wp:term":[{"taxonomy":"category","embeddable":true,"href":"https:\/\/alzira.es\/es\/wp-json\/wp\/v2\/categories?post=38186"},{"taxonomy":"post_tag","embeddable":true,"href":"https:\/\/alzira.es\/es\/wp-json\/wp\/v2\/tags?post=38186"}],"curies":[{"name":"wp","href":"https:\/\/api.w.org\/{rel}","templated":true}]}}