{"id":38173,"date":"2019-02-01T13:50:00","date_gmt":"2019-02-01T12:50:00","guid":{"rendered":"https:\/\/alzira.es\/les-associacions-de-veins-i-l-ajuntament-d-alzira-celebren-el-mes-de-l-arbre-2\/"},"modified":"2019-02-01T13:50:00","modified_gmt":"2019-02-01T12:50:00","slug":"les-associacions-de-veins-i-l-ajuntament-d-alzira-celebren-el-mes-de-l-arbre-2","status":"publish","type":"post","link":"https:\/\/alzira.es\/es\/les-associacions-de-veins-i-l-ajuntament-d-alzira-celebren-el-mes-de-l-arbre-2\/","title":{"rendered":"Les associacions de ve\u00efns i l\u2019Ajuntament d\u2019Alzira celebren el mes de l\u2019arbre"},"content":{"rendered":"<p><a href=\"https:\/\/alzira.es\/wp-content\/uploads\/2019\/02\/Mes_de_larbre_-_1.jpg\"><img fetchpriority=\"high\" decoding=\"async\" class=\" size-full wp-image-38166\" src=\"https:\/\/alzira.es\/wp-content\/uploads\/2019\/02\/Mes_de_larbre_-_1.jpg\" alt=\"Mes de larbre - 1\" width=\"600\" height=\"441\" srcset=\"https:\/\/alzira.es\/wp-content\/uploads\/2019\/02\/Mes_de_larbre_-_1.jpg 926w, https:\/\/alzira.es\/wp-content\/uploads\/2019\/02\/Mes_de_larbre_-_1-680x500.jpg 680w, https:\/\/alzira.es\/wp-content\/uploads\/2019\/02\/Mes_de_larbre_-_1-768x565.jpg 768w\" sizes=\"(max-width: 600px) 100vw, 600px\" \/><\/a><\/p>\n<p style=\"line-height: 1.2; margin-top: 0pt; margin-bottom: 6pt; text-align: justify;\" dir=\"ltr\"><strong>Les associacions de ve\u00efns i l&#8217;Ajuntament d&#8217;Alzira celebren el mes de l&#8217;arbre<\/strong><\/p>\n<p><strong>Alzira, 1 de febrer de 2019<\/strong> \u2013 Cada dissabte durant el mes de febrer les associacions de ve\u00efns d&#8217;Alzira junt amb les regidories de Gesti\u00f3 Urban\u00edstica i Participaci\u00f3 Ciutadana portaran a terme la <strong>plantaci\u00f3 d&#8217;arbres en les seues zones<\/strong>, continuant amb la l\u00ednia d&#8217;<strong>omplir el nucli urb\u00e0 d&#8217;arbratge<\/strong>.<br \/>Cada cap de setmana se celebraran activitats per tal de plantar arbres de diferents esp\u00e8cies com <strong>moreres<\/strong>, <strong>Cinnamomum camphora<\/strong> (arbre de camforer, alcanforero), <strong>jacaranda<\/strong> <strong>i<\/strong> Serfit silicuastrum, tamb\u00e9 conegut com \u00ab<strong>l&#8217;arbre de l&#8217;amor<\/strong>\u00ab, entre altres.<br \/>Dem\u00e0, 4 de febrer, es realitzar\u00e0 la primera jornada de plantaci\u00f3 d&#8217;arbres i ser\u00e0 al barri del Balc\u00f3 de la Ribera al qual seguir\u00e0 el parc de les Basses i la pla\u00e7a d&#8217;Elisa Ram\u00edrez i, posteriorment, el Rac\u00f3. Per a finalitzar es plantaran arbres al per\u00edmetre de l&#8217;Hort de Galvany\u00f3.<\/p>\n<p>Fernando Pascual, regidor de Gesti\u00f3 Urban\u00edstica, i Inma Onrubia, regidora de Participaci\u00f3 Ciutadana, juntament amb la cap del Departament de Zones Verdes de l&#8217;Ajuntament d&#8217;Alzira han organitzat les activitats amb la col\u00b7laboraci\u00f3 de les associacions de ve\u00efns.<br \/>El regidor de Gesti\u00f3 Urban\u00edstica, Fernando Pascual, ha destacat al respecte: \u00abDes de fa alguns anys estem realitzant una s\u00e8rie d&#8217;activitats dedicades al mes de l&#8217;arbre i hem comprovat que la ciutadania \u00e9s realment conscient de la import\u00e0ncia de tindre una ciutat verda, una ciutat amb vegetaci\u00f3, per la qual cosa des de les nostres regidories, tant de Participaci\u00f3 Ciutadana amb Inma Onrubia, com la de Gesti\u00f3 Urban\u00edstica continuaran amb l&#8217;objectiu d&#8217;omplir el nucli urb\u00e0 d&#8217;arbratge i potenciar les activitats d&#8217;una vida saludable al mateix temps que cuidem el nostre entorn\u00bb.<\/p>\n<p><a href=\"https:\/\/alzira.es\/wp-content\/uploads\/2019\/02\/P60305-115608-min.jpg\"><img decoding=\"async\" class=\"size-full wp-image-38168 lazyload\" data-src=\"https:\/\/alzira.es\/wp-content\/uploads\/2019\/02\/P60305-115608-min.jpg\" alt=\"P60305-115608-min\" width=\"640\" height=\"480\" src=\"data:image\/svg+xml;base64,PHN2ZyB3aWR0aD0iMSIgaGVpZ2h0PSIxIiB4bWxucz0iaHR0cDovL3d3dy53My5vcmcvMjAwMC9zdmciPjwvc3ZnPg==\" style=\"--smush-placeholder-width: 640px; --smush-placeholder-aspect-ratio: 640\/480;\" \/><\/a><\/p>\n","protected":false},"excerpt":{"rendered":"<p>Les associacions de ve\u00efns i l&#8217;Ajuntament d&#8217;Alzira celebren el mes de l&#8217;arbre Alzira, 1 de febrer de 2019 \u2013 Cada dissabte durant el mes de febrer les associacions de ve\u00efns d&#8217;Alzira junt amb les regidories de Gesti\u00f3 Urban\u00edstica i Participaci\u00f3 Ciutadana portaran a terme la plantaci\u00f3 d&#8217;arbres en les seues zones, continuant amb la l\u00ednia &hellip; <\/p>\n<p class=\"link-more\"><a href=\"https:\/\/alzira.es\/es\/les-associacions-de-veins-i-l-ajuntament-d-alzira-celebren-el-mes-de-l-arbre-2\/\" class=\"more-link\">Continuar leyendo<span class=\"screen-reader-text\"> \u00abLes associacions de ve\u00efns i l\u2019Ajuntament d\u2019Alzira celebren el mes de l\u2019arbre\u00bb<\/span><\/a><\/p>\n","protected":false},"author":12,"featured_media":38166,"comment_status":"","ping_status":"","sticky":false,"template":"","format":"standard","meta":{"_acf_changed":false,"footnotes":""},"categories":[],"tags":[],"class_list":["post-38173","post","type-post","status-publish","format-standard","has-post-thumbnail","hentry"],"acf":[],"_links":{"self":[{"href":"https:\/\/alzira.es\/es\/wp-json\/wp\/v2\/posts\/38173","targetHints":{"allow":["GET"]}}],"collection":[{"href":"https:\/\/alzira.es\/es\/wp-json\/wp\/v2\/posts"}],"about":[{"href":"https:\/\/alzira.es\/es\/wp-json\/wp\/v2\/types\/post"}],"author":[{"embeddable":true,"href":"https:\/\/alzira.es\/es\/wp-json\/wp\/v2\/users\/12"}],"replies":[{"embeddable":true,"href":"https:\/\/alzira.es\/es\/wp-json\/wp\/v2\/comments?post=38173"}],"version-history":[{"count":0,"href":"https:\/\/alzira.es\/es\/wp-json\/wp\/v2\/posts\/38173\/revisions"}],"wp:featuredmedia":[{"embeddable":true,"href":"https:\/\/alzira.es\/es\/wp-json\/wp\/v2\/media\/38166"}],"wp:attachment":[{"href":"https:\/\/alzira.es\/es\/wp-json\/wp\/v2\/media?parent=38173"}],"wp:term":[{"taxonomy":"category","embeddable":true,"href":"https:\/\/alzira.es\/es\/wp-json\/wp\/v2\/categories?post=38173"},{"taxonomy":"post_tag","embeddable":true,"href":"https:\/\/alzira.es\/es\/wp-json\/wp\/v2\/tags?post=38173"}],"curies":[{"name":"wp","href":"https:\/\/api.w.org\/{rel}","templated":true}]}}