{"id":38137,"date":"2019-01-31T15:21:17","date_gmt":"2019-01-31T14:21:17","guid":{"rendered":"https:\/\/alzira.es\/bases-de-la-iii-convocatoria-premis-al-us-del-valencia-en-les-falles-2019\/"},"modified":"2019-01-31T15:21:17","modified_gmt":"2019-01-31T14:21:17","slug":"bases-de-la-iii-convocatoria-premis-al-us-del-valencia-en-les-falles-2019","status":"publish","type":"post","link":"https:\/\/alzira.es\/es\/bases-de-la-iii-convocatoria-premis-al-us-del-valencia-en-les-falles-2019\/","title":{"rendered":"Bases de la III convocat\u00f2ria &#8211; Premis al \u00fas del valenci\u00e0 en les falles 2019"},"content":{"rendered":"<p style=\"text-align: justify;\"><a href=\"https:\/\/alzira.es\/wp-content\/uploads\/2019\/01\/IMG_3124.jpg\" target=\"_blank\" rel=\"noopener\"><img fetchpriority=\"high\" decoding=\"async\" class=\" alignleft size-full wp-image-38131\" style=\"margin-right: 10px; float: left;\" title=\"Bases de la III convocat\u00f2ria - Premis al \u00fas del valenci\u00e0 en les falles 2019\" src=\"https:\/\/alzira.es\/wp-content\/uploads\/2019\/01\/IMG_3124.jpg\" alt=\"IMG 3124\" width=\"600\" height=\"400\" \/><\/a>L&#8217;Ajuntament d&#8217;Alzira, a trav\u00e9s del SERVAL (Servei Alzireny de Promoci\u00f3 i \u00das del Valenci\u00e0) organitza per segona vegada premis per a l&#8217;\u00fas del valenci\u00e0 en el m\u00f3n faller, concretament en els cartells dels monuments. L&#8217;objectiu d&#8217;estos premis t\u00e9 com a finalitat premiar el bon \u00fas, ironia i originalitat del valenci\u00e0 en els textos dels cartells dels monuments.<\/p>\n<p style=\"text-align: justify;\">L&#8217;import total dels premis ser\u00e0 de 1.900 \u20ac per als textos dels monuments fallers, dels quals es concediran tres distincions en met\u00e0l\u00b7lic consistents en els premis seg\u00fcents:<\/p>\n<p style=\"text-align: justify;\"><strong>Primer premi:<\/strong> 1.000 \u20ac i bander\u00ed acreditatiu<\/p>\n<p style=\"text-align: justify;\"><strong>Segon premi:<\/strong> 600 \u20ac i bander\u00ed acreditatiu<\/p>\n<p style=\"text-align: justify;\"><strong>Tercer premi:<\/strong> 300 \u20ac i bander\u00ed acreditatiu<\/p>\n<p style=\"text-align: justify;\">Els participants seran les comissions falleres d&#8217;Alzira que estiguen interessades, que hauran de presentar les sol\u00b7licituds fins al dia 1 de mar\u00e7 de 2019 en el Registre General d&#8217;Entrada de l&#8217;Ajuntament o per qualsevol altre mitj\u00e0 que estiga previst en l&#8217;article 16 de la Llei 39\/2015 d&#8217;1 d&#8217;octubre, del Procediment Administratiu Com\u00fa de les Administracions P\u00fabliques, amb inst\u00e0ncia en model normalitzat que s&#8217;adjunta en l&#8217;enlla\u00e7 seg\u00fcent (inst\u00e0ncia):<\/p>\n<p style=\"text-align: justify;\"><span style=\"color: #0000ff;\">https:\/\/alzira.es\/contenidos\/e_Ajuntament\/VALENCIA\/VAL_i_001_v_premis_cartells_monuments_fallers.pdf<\/span><\/p>\n<p style=\"text-align: justify;\">Caldr\u00e0 adjuntar a la sol\u00b7licitud els textos en paper de les llegendes del monument faller en el termini esmentat en l&#8217;apartat anterior.<\/p>\n<p style=\"text-align: justify;\">El jurat estar\u00e0 format per l&#8217;alcalde o persona en qui delegue, que el presidir\u00e0, i en formaran part com a vocals la regidora de Cultura-Promoci\u00f3 Ling\u00fc\u00edstica o persona en qui delegue, la regidora de Festes o persona en qui delegue; Luis Gisbert Sanmart\u00edn membre designat per la Junta Local Fallera; Pura Santacreu, com a membre del sector educatiu, i el t\u00e8cnic de Promoci\u00f3 Ling\u00fc\u00edstica, que actuar\u00e0 com a secretari. El jurat tamb\u00e9 podr\u00e0 comptar amb un col\u00b7laborador voluntari expert en la mat\u00e8ria.<\/p>\n<p style=\"text-align: justify;\">El criteris de valoraci\u00f3 que es tindran en compte en els textos dels monuments fallers i que s&#8217;avaluaran abans de la confecci\u00f3 de l&#8217;acta seran els seg\u00fcents:<\/p>\n<p style=\"text-align: justify;\"><strong>a)<\/strong> La correcci\u00f3 ling\u00fc\u00edstica i la quantitat de textos: es valorar\u00e0 de 0 a 10 punts.<\/p>\n<p style=\"text-align: justify;\"><strong>b)<\/strong> La qualitat dels textos: es valorar\u00e0 de 0 a 5 punts.&nbsp;Es tindr\u00e0 en compte tot all\u00f2 que enriquisca el sentit de les expressions ling\u00fc\u00edstiques, com els recursos literaris, les propietats textuals&#8230;<\/p>\n<p style=\"text-align: justify;\"><strong>c)<\/strong> L&#8217;\u00fas de l&#8217;enginy i la s\u00e0tira: es valorar\u00e0 de 0 a 5 punts.&nbsp;Es tindr\u00e0 en compte l&#8217;esperit d&#8217;invenci\u00f3 i l&#8217;\u00fas de la ironia o el sarcasme.<\/p>\n<p style=\"text-align: justify;\"><strong>d)<\/strong> La coher\u00e8ncia intertextual o de continguts: es valorar\u00e0 de 0 a 5 punts.&nbsp;Es referix al fet que els textos estiguen relacionats entre si amb un tema global.<\/p>\n<p style=\"text-align: justify;\">&nbsp;<\/p>\n<p style=\"text-align: justify;\"><span style=\"color: #ff0000;\">\u00a1\u00a1INFORMA&#8217;T DE LES BASES OFICIALS&nbsp; FENT CLIC&nbsp;<a href=\"https:\/\/alzira.es\/wp-content\/uploads\/2019\/01\/BASES-PREMIS-TEXTOS-MONUMENT-FALLES-2019.pdf\" target=\"_blank\" rel=\"noopener\"><span style=\"color: #ff0000;\"><strong>AC\u00cd<\/strong><\/span><\/a>!!<\/span><\/p>\n","protected":false},"excerpt":{"rendered":"<p>L&#8217;Ajuntament d&#8217;Alzira, a trav\u00e9s del SERVAL (Servei Alzireny de Promoci\u00f3 i \u00das del Valenci\u00e0) organitza per segona vegada premis per a l&#8217;\u00fas del valenci\u00e0 en el m\u00f3n faller, concretament en els cartells dels monuments. L&#8217;objectiu d&#8217;estos premis t\u00e9 com a finalitat premiar el bon \u00fas, ironia i originalitat del valenci\u00e0 en els textos dels cartells &hellip; <\/p>\n<p class=\"link-more\"><a href=\"https:\/\/alzira.es\/es\/bases-de-la-iii-convocatoria-premis-al-us-del-valencia-en-les-falles-2019\/\" class=\"more-link\">Continuar leyendo<span class=\"screen-reader-text\"> \u00abBases de la III convocat\u00f2ria &#8211; Premis al \u00fas del valenci\u00e0 en les falles 2019\u00bb<\/span><\/a><\/p>\n","protected":false},"author":12,"featured_media":38131,"comment_status":"","ping_status":"","sticky":false,"template":"","format":"standard","meta":{"_acf_changed":false,"footnotes":""},"categories":[],"tags":[],"class_list":["post-38137","post","type-post","status-publish","format-standard","has-post-thumbnail","hentry"],"acf":[],"_links":{"self":[{"href":"https:\/\/alzira.es\/es\/wp-json\/wp\/v2\/posts\/38137","targetHints":{"allow":["GET"]}}],"collection":[{"href":"https:\/\/alzira.es\/es\/wp-json\/wp\/v2\/posts"}],"about":[{"href":"https:\/\/alzira.es\/es\/wp-json\/wp\/v2\/types\/post"}],"author":[{"embeddable":true,"href":"https:\/\/alzira.es\/es\/wp-json\/wp\/v2\/users\/12"}],"replies":[{"embeddable":true,"href":"https:\/\/alzira.es\/es\/wp-json\/wp\/v2\/comments?post=38137"}],"version-history":[{"count":0,"href":"https:\/\/alzira.es\/es\/wp-json\/wp\/v2\/posts\/38137\/revisions"}],"wp:featuredmedia":[{"embeddable":true,"href":"https:\/\/alzira.es\/es\/wp-json\/wp\/v2\/media\/38131"}],"wp:attachment":[{"href":"https:\/\/alzira.es\/es\/wp-json\/wp\/v2\/media?parent=38137"}],"wp:term":[{"taxonomy":"category","embeddable":true,"href":"https:\/\/alzira.es\/es\/wp-json\/wp\/v2\/categories?post=38137"},{"taxonomy":"post_tag","embeddable":true,"href":"https:\/\/alzira.es\/es\/wp-json\/wp\/v2\/tags?post=38137"}],"curies":[{"name":"wp","href":"https:\/\/api.w.org\/{rel}","templated":true}]}}