{"id":38135,"date":"2019-01-31T15:21:17","date_gmt":"2019-01-31T14:21:17","guid":{"rendered":"https:\/\/alzira.es\/bases-de-la-iii-convocatoria-premios-al-uso-del-valenciano-en-las-fallas-2019\/"},"modified":"2019-01-31T15:21:17","modified_gmt":"2019-01-31T14:21:17","slug":"bases-de-la-iii-convocatoria-premios-al-uso-del-valenciano-en-las-fallas-2019","status":"publish","type":"post","link":"https:\/\/alzira.es\/es\/bases-de-la-iii-convocatoria-premios-al-uso-del-valenciano-en-las-fallas-2019\/","title":{"rendered":"Bases de la III convocatoria &#8211; Premios al uso del valenciano en las fallas 2019"},"content":{"rendered":"<p style=\"text-align: justify;\"><a href=\"https:\/\/alzira.es\/wp-content\/uploads\/2019\/01\/IMG_3124.jpg\" target=\"_blank\" rel=\"noopener\"><img fetchpriority=\"high\" decoding=\"async\" class=\" alignleft size-full wp-image-38131\" style=\"margin-right: 10px; float: left;\" title=\"Bases de la III convocatoria - Premios al uso del valenciano en las fallas 2019\" src=\"https:\/\/alzira.es\/wp-content\/uploads\/2019\/01\/IMG_3124.jpg\" alt=\"IMG 3124\" width=\"600\" height=\"400\" \/><\/a>El Ayuntamiento de Alzira, a trav\u00e9s del SERVAL (Servei Alzireny de Promoci\u00f3 y \u00das del Valenci\u00e0) organiza por segunda vez los premios para el uso del valenciano en el mundo fallero, concretamente en los carteles de los monumentos. El objetivo de estos premios tiene como finalidad premiar el buen uso, iron\u00eda y originalidad del valenciano en los textos de los carteles de los monumentos.&nbsp;El importe total de los premios ser\u00e1 de 1.900 \u20ac para los textos de los monumentos falleros, de los que se conceder\u00e1n tres distinciones en met\u00e1lico consistentes en los siguientes premios:<\/p>\n<p style=\"text-align: justify;\"><strong>Primer premio:<\/strong> 1.000 \u20ac y bander\u00edn acreditativo<\/p>\n<p style=\"text-align: justify;\"><strong>Segundo premio:<\/strong> 600 \u20ac y bander\u00edn acreditativo<\/p>\n<p style=\"text-align: justify;\"><strong>Tercer premio:<\/strong> 300 \u20ac y bander\u00edn acreditativo<\/p>\n<p style=\"text-align: justify;\">Los participantes ser\u00e1n las comisiones falleras de Alzira que est\u00e9n interesadas, las cuales deber\u00e1n presentar las solicitudes hasta el d\u00eda 1 de marzo de 2019 en el Registro General de Entrada del Ayuntamiento o por cualquier otro medio que est\u00e9 previsto en el art\u00edculo 16 de la Ley 39\/2015 de 1 de octubre, del Procedimiento Administrativo Com\u00fan de las Administraciones P\u00fablicas, con instancia en modelo normalizado que se adjunta en el siguiente enlace (instancia):<\/p>\n<p style=\"text-align: justify;\"><span style=\"color: #3366ff;\">https:\/\/alzira.es\/contenidos\/e_Ajuntament\/VALENCIA\/VAL_i_001_v_premis_cartells_monuments_fallers.pdf<\/span><\/p>\n<p style=\"text-align: justify;\">Deber\u00e1 adjuntarse a la solicitud los textos en papel de las leyendas del monumento fallero en el plazo mencionado en el apartado anterior.&nbsp;El jurado estar\u00e1 formado por el Alcalde o persona en quien delegue, que lo presidir\u00e1, y formar\u00e1n parte como vocales la concejala de Cultura-Promoci\u00f3n Ling\u00fc\u00edstica o persona en quien delegue, la concejala de Fiestas o persona en quien delegue; Luis Gisbert Sanmart\u00edn, miembro designado por la Junta Local Fallera; Pura Santacreu, como miembro del sector educativo; y el t\u00e9cnico de Promoci\u00f3n Ling\u00fc\u00edstica, que actuar\u00e1 como secretario. El jurado tambi\u00e9n podr\u00e1 contar con un colaborador voluntario experto en la materia.<\/p>\n<p style=\"text-align: justify;\">Los criterios de valoraci\u00f3n que se tendr\u00e1n en cuenta en los textos de los monumentos falleros y que se evaluar\u00e1n antes de la confecci\u00f3n del acta ser\u00e1n los siguientes:<\/p>\n<p style=\"text-align: justify;\"><strong>a)<\/strong> La correcci\u00f3n ling\u00fc\u00edstica y la cantidad de textos: se valorar\u00e1 de 0 a 10 puntos.<\/p>\n<p style=\"text-align: justify;\"><strong>b)<\/strong> La calidad de los textos: se valorar\u00e1 de 0 a 5 puntos.&nbsp;Se tendr\u00e1 en cuenta todo lo que enriquezca el sentido de las expresiones ling\u00fc\u00edsticas, como los recursos literarios, las propiedades textuales&#8230;<\/p>\n<p style=\"text-align: justify;\"><strong>c)<\/strong> El uso del ingenio y la s\u00e1tira: se valorar\u00e1 de 0 a 5 puntos.<\/p>\n<p style=\"text-align: justify;\">Se tendr\u00e1 en cuenta el esp\u00edritu de invenci\u00f3n y el uso de la iron\u00eda o el sarcasmo.<\/p>\n<p style=\"text-align: justify;\"><strong>d)<\/strong> La coherencia intertextual o de contenidos: se valorar\u00e1 de 0 a 5 puntos.&nbsp;Se refiere a que los textos est\u00e9n relacionados entre s\u00ed con un tema global.<\/p>\n<p style=\"text-align: justify;\"><span style=\"color: #ff0000;\">\u00a1\u00a1INF\u00d3RMATE DE LAS BASES OFICIALES CLICANDO&nbsp;<a href=\"https:\/\/alzira.es\/wp-content\/uploads\/2019\/01\/BASES-PREMIS-TEXTOS-MONUMENT-FALLES-2019.pdf\" target=\"_blank\" rel=\"noopener\"><span style=\"color: #ff0000;\"><strong>AQU\u00cd<\/strong><\/span><\/a>!!<\/span><\/p>\n","protected":false},"excerpt":{"rendered":"<p>El Ayuntamiento de Alzira, a trav\u00e9s del SERVAL (Servei Alzireny de Promoci\u00f3 y \u00das del Valenci\u00e0) organiza por segunda vez los premios para el uso del valenciano en el mundo fallero, concretamente en los carteles de los monumentos. El objetivo de estos premios tiene como finalidad premiar el buen uso, iron\u00eda y originalidad del valenciano &hellip; <\/p>\n<p class=\"link-more\"><a href=\"https:\/\/alzira.es\/es\/bases-de-la-iii-convocatoria-premios-al-uso-del-valenciano-en-las-fallas-2019\/\" class=\"more-link\">Continuar leyendo<span class=\"screen-reader-text\"> \u00abBases de la III convocatoria &#8211; Premios al uso del valenciano en las fallas 2019\u00bb<\/span><\/a><\/p>\n","protected":false},"author":12,"featured_media":38131,"comment_status":"","ping_status":"","sticky":false,"template":"","format":"standard","meta":{"_acf_changed":false,"footnotes":""},"categories":[4936],"tags":[],"class_list":["post-38135","post","type-post","status-publish","format-standard","has-post-thumbnail","hentry","category-hemeroteca-es"],"acf":[],"_links":{"self":[{"href":"https:\/\/alzira.es\/es\/wp-json\/wp\/v2\/posts\/38135","targetHints":{"allow":["GET"]}}],"collection":[{"href":"https:\/\/alzira.es\/es\/wp-json\/wp\/v2\/posts"}],"about":[{"href":"https:\/\/alzira.es\/es\/wp-json\/wp\/v2\/types\/post"}],"author":[{"embeddable":true,"href":"https:\/\/alzira.es\/es\/wp-json\/wp\/v2\/users\/12"}],"replies":[{"embeddable":true,"href":"https:\/\/alzira.es\/es\/wp-json\/wp\/v2\/comments?post=38135"}],"version-history":[{"count":0,"href":"https:\/\/alzira.es\/es\/wp-json\/wp\/v2\/posts\/38135\/revisions"}],"wp:featuredmedia":[{"embeddable":true,"href":"https:\/\/alzira.es\/es\/wp-json\/wp\/v2\/media\/38131"}],"wp:attachment":[{"href":"https:\/\/alzira.es\/es\/wp-json\/wp\/v2\/media?parent=38135"}],"wp:term":[{"taxonomy":"category","embeddable":true,"href":"https:\/\/alzira.es\/es\/wp-json\/wp\/v2\/categories?post=38135"},{"taxonomy":"post_tag","embeddable":true,"href":"https:\/\/alzira.es\/es\/wp-json\/wp\/v2\/tags?post=38135"}],"curies":[{"name":"wp","href":"https:\/\/api.w.org\/{rel}","templated":true}]}}