{"id":36391,"date":"2018-11-30T18:18:40","date_gmt":"2018-11-30T17:18:40","guid":{"rendered":"https:\/\/alzira.es\/l-ajuntament-d-alzira-dota-d-una-motobomba-proteccio-civil-2\/"},"modified":"2018-11-30T18:18:40","modified_gmt":"2018-11-30T17:18:40","slug":"l-ajuntament-d-alzira-dota-d-una-motobomba-proteccio-civil-2","status":"publish","type":"post","link":"https:\/\/alzira.es\/es\/l-ajuntament-d-alzira-dota-d-una-motobomba-proteccio-civil-2\/","title":{"rendered":"L\u2019Ajuntament d\u2019Alzira dota d\u2019una motobomba Protecci\u00f3 Civil"},"content":{"rendered":"<p style=\"text-align: justify;\">Alzira, 30 de desembre de 2018.- L&#8217;Ajuntament d&#8217;Alzira ha adquirit una motobomba megafox 600, i ha completat aix\u00ed la dotaci\u00f3 del vehicle pick up tot terreny de l&#8217;Agrupaci\u00f3 de Voluntaris de Protecci\u00f3 Civil d&#8217;Alzira que va ser adquirit recentment.<\/p>\n<p style=\"text-align: justify;\">Este equip est\u00e0 dissenyat especialment per a \u00fas contra incendis tant forestal com urb\u00e0, disposa d&#8217;un dep\u00f2sit d&#8217;aigua de capacitat de 600 litres i una bomba vilpin de 18 bars.<\/p>\n<p style=\"text-align: justify;\">La regidora de Seguretat, Sara Gar\u00e9s, ha declarat que esta adquisici\u00f3 demostra el comprom\u00eds de l&#8217;Ajuntament per la millora de les condicions de treball dels voluntaris de Protecci\u00f3 Civil donat que esta m\u00e0quina repercutir\u00e0 en una major efic\u00e0cia en la prevenci\u00f3 i actuaci\u00f3 d&#8217;incendis aix\u00ed com una millora en la resta d&#8217;actuacions que hi realitzen.<\/p>\n<p style=\"text-align: center;\"><a class=\"jcepopup\" title=\"Motobomba_Protecci\u00f3_Civil\" href=\"https:\/\/alzira.es\/wp-content\/uploads\/2018\/11\/Motobomba_Proteccio_Civil.jpg\" target=\"_blank\" rel=\"noopener\"><img fetchpriority=\"high\" decoding=\"async\" class=\" size-full wp-image-36387\" src=\"https:\/\/alzira.es\/wp-content\/uploads\/2018\/11\/Motobomba_Proteccio_Civil.jpg\" alt=\"Motobomba Protecci\u00f3 Civil\" width=\"600\" height=\"400\" \/><\/a><\/p>\n","protected":false},"excerpt":{"rendered":"<p>Alzira, 30 de desembre de 2018.- L&#8217;Ajuntament d&#8217;Alzira ha adquirit una motobomba megafox 600, i ha completat aix\u00ed la dotaci\u00f3 del vehicle pick up tot terreny de l&#8217;Agrupaci\u00f3 de Voluntaris de Protecci\u00f3 Civil d&#8217;Alzira que va ser adquirit recentment. Este equip est\u00e0 dissenyat especialment per a \u00fas contra incendis tant forestal com urb\u00e0, disposa d&#8217;un &hellip; <\/p>\n<p class=\"link-more\"><a href=\"https:\/\/alzira.es\/es\/l-ajuntament-d-alzira-dota-d-una-motobomba-proteccio-civil-2\/\" class=\"more-link\">Continuar leyendo<span class=\"screen-reader-text\"> \u00abL\u2019Ajuntament d\u2019Alzira dota d\u2019una motobomba Protecci\u00f3 Civil\u00bb<\/span><\/a><\/p>\n","protected":false},"author":29,"featured_media":36387,"comment_status":"","ping_status":"","sticky":false,"template":"","format":"standard","meta":{"_acf_changed":false,"footnotes":""},"categories":[],"tags":[],"class_list":["post-36391","post","type-post","status-publish","format-standard","has-post-thumbnail","hentry"],"acf":[],"_links":{"self":[{"href":"https:\/\/alzira.es\/es\/wp-json\/wp\/v2\/posts\/36391","targetHints":{"allow":["GET"]}}],"collection":[{"href":"https:\/\/alzira.es\/es\/wp-json\/wp\/v2\/posts"}],"about":[{"href":"https:\/\/alzira.es\/es\/wp-json\/wp\/v2\/types\/post"}],"author":[{"embeddable":true,"href":"https:\/\/alzira.es\/es\/wp-json\/wp\/v2\/users\/29"}],"replies":[{"embeddable":true,"href":"https:\/\/alzira.es\/es\/wp-json\/wp\/v2\/comments?post=36391"}],"version-history":[{"count":0,"href":"https:\/\/alzira.es\/es\/wp-json\/wp\/v2\/posts\/36391\/revisions"}],"wp:featuredmedia":[{"embeddable":true,"href":"https:\/\/alzira.es\/es\/wp-json\/wp\/v2\/media\/36387"}],"wp:attachment":[{"href":"https:\/\/alzira.es\/es\/wp-json\/wp\/v2\/media?parent=36391"}],"wp:term":[{"taxonomy":"category","embeddable":true,"href":"https:\/\/alzira.es\/es\/wp-json\/wp\/v2\/categories?post=36391"},{"taxonomy":"post_tag","embeddable":true,"href":"https:\/\/alzira.es\/es\/wp-json\/wp\/v2\/tags?post=36391"}],"curies":[{"name":"wp","href":"https:\/\/api.w.org\/{rel}","templated":true}]}}