{"id":36389,"date":"2018-11-30T18:18:40","date_gmt":"2018-11-30T17:18:40","guid":{"rendered":"https:\/\/alzira.es\/l-ajuntament-d-alzira-dota-d-una-motobomba-proteccio-civil\/"},"modified":"2021-10-06T20:06:59","modified_gmt":"2021-10-06T18:06:59","slug":"el-ayuntamiento-de-alzira-dota-de-una-motobomba-a-proteccion-civil","status":"publish","type":"post","link":"https:\/\/alzira.es\/es\/el-ayuntamiento-de-alzira-dota-de-una-motobomba-a-proteccion-civil\/","title":{"rendered":"El Ayuntamiento de Alzira dota de una motobomba a Protecci\u00f3n Civil"},"content":{"rendered":"<p style=\"text-align: justify;\"><strong>Alzira, 30 de diciembre de 2018.-<\/strong> El Ayuntamiento de Alzira ha adquirido una motobomba megafox 600, y ha completado as\u00ed la dotaci\u00f3n del veh\u00edculo pick up todo terreno de la Agrupaci\u00f3n de Voluntarios de Protecci\u00f3n Civil de Alzira que fue adquirido recientemente.<\/p>\n<p style=\"text-align: justify;\">Este equipo est\u00e1 dise\u00f1ado especialmente para uso contra incendios tanto forestal como urbano, dispone de un dep\u00f3sito de agua de capacidad de 600 litros y una bomba vilpin de 18 bares.<\/p>\n<p style=\"text-align: justify;\">La concejala de Seguridad, Sara Gar\u00e9s, ha declarado que esta adquisici\u00f3n demuestra el compromiso del Ayuntamiento para la mejora de las condiciones de trabajo de los voluntarios de Protecci\u00f3n Civil dado que esta m\u00e1quina repercutir\u00e1 en una mayor eficacia en la prevenci\u00f3n y actuaci\u00f3n de incendios as\u00ed como una mejora en el resto de actuaciones que realizan.<\/p>\n<p style=\"text-align: center;\"><a class=\"jcepopup\" title=\"Motobomba_Protecci\u00f3_Civil\" href=\"https:\/\/alzira.es\/wp-content\/uploads\/2018\/11\/Motobomba_Proteccio_Civil.jpg\" target=\"_blank\" rel=\"noopener\"><img fetchpriority=\"high\" decoding=\"async\" class=\" size-full wp-image-36387\" src=\"https:\/\/alzira.es\/wp-content\/uploads\/2018\/11\/Motobomba_Proteccio_Civil.jpg\" alt=\"Motobomba Protecci\u00f3 Civil\" width=\"600\" height=\"400\"><\/a><\/p>\n","protected":false},"excerpt":{"rendered":"<p>Alzira, 30 de diciembre de 2018.- El Ayuntamiento de Alzira ha adquirido una motobomba megafox 600, y ha completado as\u00ed la dotaci\u00f3n del veh\u00edculo pick up todo terreno de la Agrupaci\u00f3n de Voluntarios de Protecci\u00f3n Civil de Alzira que fue adquirido recientemente. Este equipo est\u00e1 dise\u00f1ado especialmente para uso contra incendios tanto forestal como urbano, &hellip; <\/p>\n<p class=\"link-more\"><a href=\"https:\/\/alzira.es\/es\/el-ayuntamiento-de-alzira-dota-de-una-motobomba-a-proteccion-civil\/\" class=\"more-link\">Continuar leyendo<span class=\"screen-reader-text\"> \u00abEl Ayuntamiento de Alzira dota de una motobomba a Protecci\u00f3n Civil\u00bb<\/span><\/a><\/p>\n","protected":false},"author":29,"featured_media":36387,"comment_status":"closed","ping_status":"closed","sticky":false,"template":"","format":"standard","meta":{"_acf_changed":false,"footnotes":""},"categories":[4936],"tags":[],"class_list":["post-36389","post","type-post","status-publish","format-standard","has-post-thumbnail","hentry","category-hemeroteca-es"],"acf":[],"_links":{"self":[{"href":"https:\/\/alzira.es\/es\/wp-json\/wp\/v2\/posts\/36389","targetHints":{"allow":["GET"]}}],"collection":[{"href":"https:\/\/alzira.es\/es\/wp-json\/wp\/v2\/posts"}],"about":[{"href":"https:\/\/alzira.es\/es\/wp-json\/wp\/v2\/types\/post"}],"author":[{"embeddable":true,"href":"https:\/\/alzira.es\/es\/wp-json\/wp\/v2\/users\/29"}],"replies":[{"embeddable":true,"href":"https:\/\/alzira.es\/es\/wp-json\/wp\/v2\/comments?post=36389"}],"version-history":[{"count":1,"href":"https:\/\/alzira.es\/es\/wp-json\/wp\/v2\/posts\/36389\/revisions"}],"predecessor-version":[{"id":101920,"href":"https:\/\/alzira.es\/es\/wp-json\/wp\/v2\/posts\/36389\/revisions\/101920"}],"wp:featuredmedia":[{"embeddable":true,"href":"https:\/\/alzira.es\/es\/wp-json\/wp\/v2\/media\/36387"}],"wp:attachment":[{"href":"https:\/\/alzira.es\/es\/wp-json\/wp\/v2\/media?parent=36389"}],"wp:term":[{"taxonomy":"category","embeddable":true,"href":"https:\/\/alzira.es\/es\/wp-json\/wp\/v2\/categories?post=36389"},{"taxonomy":"post_tag","embeddable":true,"href":"https:\/\/alzira.es\/es\/wp-json\/wp\/v2\/tags?post=36389"}],"curies":[{"name":"wp","href":"https:\/\/api.w.org\/{rel}","templated":true}]}}