{"id":36373,"date":"2018-11-30T12:10:17","date_gmt":"2018-11-30T11:10:17","guid":{"rendered":"https:\/\/alzira.es\/l-ajuntament-col-labora-en-la-sol-licitud-d-ajudes-del-ministeri-2\/"},"modified":"2018-11-30T12:10:17","modified_gmt":"2018-11-30T11:10:17","slug":"l-ajuntament-col-labora-en-la-sol-licitud-d-ajudes-del-ministeri-2","status":"publish","type":"post","link":"https:\/\/alzira.es\/es\/l-ajuntament-col-labora-en-la-sol-licitud-d-ajudes-del-ministeri-2\/","title":{"rendered":"L\u2019Ajuntament col\u00b7labora en la sol\u00b7licitud d\u2019ajudes del Ministeri"},"content":{"rendered":"<p style=\"text-align: justify;\">\u2022 Dilluns i dimarts informar\u00e0 a les Basses i Ven\u00e8cia<br \/>\u2022 L&#8217;ajuda pot demanar-se fins el 16 de desembre<br \/>\u2022 Destinada a vivenda habitual<\/p>\n<p style=\"text-align: justify;\">Azira, 30 de novembre de 2018.- L&#8217;Ajuntament d&#8217;Alzira posa en marxa la campanya informativa sobre les subvencions del Ministeri de l&#8217;Interior per a pal\u00b7liar les necessitats derivades de les situacions d&#8217;emerg\u00e8ncia sense haver-se decretat la<br \/>zona catastr\u00f2fica.<\/p>\n<p style=\"text-align: justify;\">Donat que el termini per tal de sol\u00b7licitar l&#8217;ajuda \u00e9s breu, finalitza el dia 16 de desembre, l&#8217;Ajuntament ha habilitat un servei informatiu que es traslladar\u00e0 a les zones afectades per tal de donar suport als interessats en el tr\u00e0mit de les sol\u00b7licituds.<\/p>\n<p style=\"text-align: justify;\">Es tracta d&#8217;un tr\u00e0mit que requerix documentaci\u00f3 adjunta i que t\u00e9 diferents modalitats en funci\u00f3 del tipus de sol\u00b7licitant i per aix\u00f2 cal emplenar pr\u00e8viament el model, abans de la presentaci\u00f3.<\/p>\n<p style=\"text-align: justify;\">Els informadors facilitaran les sol\u00b7licituds i aclariran als afectats la documentaci\u00f3 necess\u00e0ria en les seus de:<\/p>\n<p style=\"text-align: justify; margin-left: 30px;\">\u2022 Associaci\u00f3 de ve\u00efns Sants Patrons Les Basses-Sant Judes, dilluns 3 i dimarts 4 de desembre en horari de 9h a 14h i de 17h a 20 h, al carrer Salvador Perl\u00e9s, 80.<br \/>\u2022 Escola d&#8217;*Adults Enric Valor dilluns 3 i dimarts 4 de desembre de 9h a 14h i de 17h a 20h, al carrer Verge del Lluch, 2<br \/>\u2022 La Clau, tots els dies de 9h a 14h i dimarts i dimecres de 9h a 18h ininterrompudament. Carrer Rambla, 23.<\/p>\n<p style=\"text-align: justify;\">A m\u00e9s a la p\u00e0gina web de l&#8217;ajuntament es poden trobar les inst\u00e0ncies de sol\u00b7licitud i el fullet explicatiu en cas que es vullga vol emplenar des de casa.<\/p>\n<p style=\"text-align: justify;\">Una vegada s&#8217;ha recopil\u00b7lat la informaci\u00f3 i documentaci\u00f3, cal presentar la sol\u00b7licitud:<\/p>\n<p style=\"text-align: justify; margin-left: 30px;\">\u2022 Per via telem\u00e0tica en la seu electr\u00f2nica del Ministeri<br \/>\u2022 Presencialment en la Clau, o en els registres de l&#8217;Administraci\u00f3 General de l&#8217;Estat, Comunitats Aut\u00f2nomes i entitats locals. En les oficines de Correus.<\/p>\n<p style=\"text-align: justify;\"><strong>Qui pot sol\u00b7licitar-la?<\/strong><\/p>\n<p style=\"text-align: justify;\">Els <strong>particulars<\/strong> que hagen patit danys personals o materials en la seua vivenda habitual o en les seus pertinences de primera necessitat. No es cobreix el mal en<br \/>vehicles o en habitatges que no siguen l&#8217;habitual.<\/p>\n<p style=\"text-align: justify;\">Les <strong>Comunitats de Propietaris<\/strong> en r\u00e8gim de propietat horitzontal, per a danys que afecten elements d&#8217;\u00fas com\u00fa. Les comunitats de propietaris estan obligades a tramitar-la de forma telem\u00e0tica en la seu electr\u00f2nica<\/p>\n<p style=\"text-align: justify;\">Els <strong>comer\u00e7os<\/strong> o empreses amb un nombre d&#8217;empleats igual o inferior a 50.<br \/>En cas que siguen persones jur\u00eddiques estan obligades a fer-ho<br \/>de forma telem\u00e0tica en la seu electr\u00f2nica<br \/>Si el titular del comer\u00e7 \u00e9s persona f\u00edsica, podr\u00e0 fer-ho presencialment.<\/p>\n<p style=\"text-align: center;\"><a href=\"https:\/\/alzira.es\/wp-content\/uploads\/2018\/11\/folleto_subvenciones_inundaciones_OK_2-01.jpg\" target=\"_blank\" rel=\"noopener\"><img fetchpriority=\"high\" decoding=\"async\" class=\" size-full wp-image-36367\" src=\"https:\/\/alzira.es\/wp-content\/uploads\/2018\/11\/folleto_subvenciones_inundaciones_OK_2-01.jpg\" alt=\"folleto subvenciones inundaciones OK 2-01\" width=\"850\" height=\"601\" \/><\/a><\/p>\n<p style=\"text-align: center;\"><a style=\"font-size: 14.4px; text-align: center;\" href=\"https:\/\/alzira.es\/wp-content\/uploads\/2018\/11\/folleto_subvenciones_inundaciones_OK_2-02.jpg\" target=\"_blank\" rel=\"noopener\"><img decoding=\"async\" class=\"size-full wp-image-36369 lazyload\" data-src=\"https:\/\/alzira.es\/wp-content\/uploads\/2018\/11\/folleto_subvenciones_inundaciones_OK_2-02.jpg\" alt=\"folleto subvenciones inundaciones OK 2-02\" width=\"850\" height=\"601\" src=\"data:image\/svg+xml;base64,PHN2ZyB3aWR0aD0iMSIgaGVpZ2h0PSIxIiB4bWxucz0iaHR0cDovL3d3dy53My5vcmcvMjAwMC9zdmciPjwvc3ZnPg==\" style=\"--smush-placeholder-width: 850px; --smush-placeholder-aspect-ratio: 850\/601;\" \/><\/a><\/p>\n","protected":false},"excerpt":{"rendered":"<p>\u2022 Dilluns i dimarts informar\u00e0 a les Basses i Ven\u00e8cia\u2022 L&#8217;ajuda pot demanar-se fins el 16 de desembre\u2022 Destinada a vivenda habitual Azira, 30 de novembre de 2018.- L&#8217;Ajuntament d&#8217;Alzira posa en marxa la campanya informativa sobre les subvencions del Ministeri de l&#8217;Interior per a pal\u00b7liar les necessitats derivades de les situacions d&#8217;emerg\u00e8ncia sense haver-se &hellip; <\/p>\n<p class=\"link-more\"><a href=\"https:\/\/alzira.es\/es\/l-ajuntament-col-labora-en-la-sol-licitud-d-ajudes-del-ministeri-2\/\" class=\"more-link\">Continuar leyendo<span class=\"screen-reader-text\"> \u00abL\u2019Ajuntament col\u00b7labora en la sol\u00b7licitud d\u2019ajudes del Ministeri\u00bb<\/span><\/a><\/p>\n","protected":false},"author":29,"featured_media":36367,"comment_status":"","ping_status":"","sticky":false,"template":"","format":"standard","meta":{"_acf_changed":false,"footnotes":""},"categories":[],"tags":[],"class_list":["post-36373","post","type-post","status-publish","format-standard","has-post-thumbnail","hentry"],"acf":[],"_links":{"self":[{"href":"https:\/\/alzira.es\/es\/wp-json\/wp\/v2\/posts\/36373","targetHints":{"allow":["GET"]}}],"collection":[{"href":"https:\/\/alzira.es\/es\/wp-json\/wp\/v2\/posts"}],"about":[{"href":"https:\/\/alzira.es\/es\/wp-json\/wp\/v2\/types\/post"}],"author":[{"embeddable":true,"href":"https:\/\/alzira.es\/es\/wp-json\/wp\/v2\/users\/29"}],"replies":[{"embeddable":true,"href":"https:\/\/alzira.es\/es\/wp-json\/wp\/v2\/comments?post=36373"}],"version-history":[{"count":0,"href":"https:\/\/alzira.es\/es\/wp-json\/wp\/v2\/posts\/36373\/revisions"}],"wp:featuredmedia":[{"embeddable":true,"href":"https:\/\/alzira.es\/es\/wp-json\/wp\/v2\/media\/36367"}],"wp:attachment":[{"href":"https:\/\/alzira.es\/es\/wp-json\/wp\/v2\/media?parent=36373"}],"wp:term":[{"taxonomy":"category","embeddable":true,"href":"https:\/\/alzira.es\/es\/wp-json\/wp\/v2\/categories?post=36373"},{"taxonomy":"post_tag","embeddable":true,"href":"https:\/\/alzira.es\/es\/wp-json\/wp\/v2\/tags?post=36373"}],"curies":[{"name":"wp","href":"https:\/\/api.w.org\/{rel}","templated":true}]}}