{"id":36372,"date":"2018-11-30T12:10:17","date_gmt":"2018-11-30T11:10:17","guid":{"rendered":"https:\/\/alzira.es\/l-ajuntament-col-labora-en-la-sol-licitud-d-ajudes-del-ministeri\/"},"modified":"2021-10-06T20:07:11","modified_gmt":"2021-10-06T18:07:11","slug":"el-ayuntamiento-colabora-en-la-solicitud-de-ayudas-del-ministerio","status":"publish","type":"post","link":"https:\/\/alzira.es\/es\/el-ayuntamiento-colabora-en-la-solicitud-de-ayudas-del-ministerio\/","title":{"rendered":"El Ayuntamiento colabora en la solicitud de ayudas del Ministerio"},"content":{"rendered":"<p style=\"text-align: justify;\">\u2022 Lunes y martes informar\u00e1 a les Basses y Venecia<br \/>\n\u2022 La ayuda puede solicitar hasta el 16 de diciembre<br \/>\n\u2022 Destinada a vivienda habitual<\/p>\n<p style=\"text-align: justify;\"><strong>Alzira, 30 de noviembre de 2018.-<\/strong> El Ayuntamiento de Alzira pone en marcha la campa\u00f1a informativa sobre las subvenciones del Ministerio del Interior para paliar las necesidades derivadas de las situaciones de emergencia sin haberse decretado la&nbsp;zona catastr\u00f3fica.<\/p>\n<p style=\"text-align: justify;\">Dado que el plazo para solicitar la ayuda es breve, finaliza el d\u00eda 16 de diciembre, el Ayuntamiento ha habilitado un servicio informativo que se trasladar\u00e1 a las zonas afectadas a fin de apoyar a los interesados \u200b\u200ben el tr\u00e1mite de las solicitudes.<\/p>\n<p style=\"text-align: justify;\">Se trata de un tr\u00e1mite que requiere documentaci\u00f3n adjunta y que tiene diferentes modalidades en funci\u00f3n del tipo de solicitante y por eso hay que rellenar previamente el modelo, antes de la presentaci\u00f3n.<\/p>\n<p style=\"text-align: justify;\">Los informadores facilitar\u00e1n las solicitudes y aclarar\u00e1n a los afectados la documentaci\u00f3n necesaria en las sedes de:<\/p>\n<p style=\"text-align: justify;\">\u2022 Asociaci\u00f3n de vecinos Sants Patrons Les Basses-Sant Judes, lunes 3 y martes 4 de diciembre en horario de 9 a 14 y de 17 a 20 h, en la calle Salvador Perles, 80.<br \/>\n\u2022 Escuela de Adultos Enric Valor lunes 3 y martes 4 de diciembre de 9h a 14h y de 17h a 20h, en la calle Virgen del Lluch, 2<br \/>\n\u2022 La Clau, todos los d\u00edas de 9 a 14 y martes y mi\u00e9rcoles de 9h a 18h ininterrumpidamente. Calle Rambla, 23.<\/p>\n<p style=\"text-align: justify;\">Adem\u00e1s en la p\u00e1gina web del ayuntamiento se pueden encontrar las instancias de solicitud y el folleto explicativo en caso de que se quiera quiere rellenar desde casa.<\/p>\n<p style=\"text-align: justify;\">Una vez se ha recopilaci\u00f3n la informaci\u00f3n y documentaci\u00f3n, deben presentar la solicitud:<\/p>\n<p style=\"text-align: justify;\">\u2022 Por v\u00eda telem\u00e1tica en la sede electr\u00f3nica del Ministerio<br \/>\n\u2022 Presencialmente en La Clau, o en los registros de la Administraci\u00f3n General del Estado, Comunidades Aut\u00f3nomas y entidades locales. En las oficinas de Correos.<\/p>\n<p style=\"text-align: justify;\"><span style=\"text-decoration: underline;\">Qui\u00e9n puede solicitarla?<\/span><\/p>\n<p style=\"text-align: justify;\">Los <strong>particulares<\/strong> que hayan sufrido da\u00f1os personales o materiales en su vivienda habitual o en las sedes pertenencias de primera necesidad. No se cubre el mal en<br \/>\nveh\u00edculos o en viviendas que no sean la habitual.<\/p>\n<p style=\"text-align: justify;\">Las <strong>Comunidades de Propietarios<\/strong> en r\u00e9gimen de propiedad horizontal, para da\u00f1os que afecten a elementos de uso com\u00fan. Las comunidades de propietarios est\u00e1n obligadas a tramitar de forma telem\u00e1tica en la sede electr\u00f3nica.<\/p>\n<p style=\"text-align: justify;\">Los <strong>comercios o empresas<\/strong> con un n\u00famero de empleados igual o inferior a 50.&nbsp;En caso de que sean personas jur\u00eddicas est\u00e1n obligadas a hacerlo&nbsp;de forma telem\u00e1tica en la sede electr\u00f3nica.&nbsp;Si el titular del comercio es persona f\u00edsica, podr\u00e1 hacerlo presencialmente.<\/p>\n<p style=\"text-align: center;\"><a href=\"https:\/\/alzira.es\/wp-content\/uploads\/2018\/11\/folleto_subvenciones_inundaciones_OK_2-01.jpg\" target=\"_blank\" rel=\"noopener\"><img fetchpriority=\"high\" decoding=\"async\" class=\" size-full wp-image-36367\" src=\"https:\/\/alzira.es\/wp-content\/uploads\/2018\/11\/folleto_subvenciones_inundaciones_OK_2-01.jpg\" alt=\"folleto subvenciones inundaciones OK 2-01\" width=\"850\" height=\"601\"><\/a><\/p>\n<p style=\"text-align: center;\"><a style=\"font-size: 14.4px; text-align: center;\" href=\"https:\/\/alzira.es\/wp-content\/uploads\/2018\/11\/folleto_subvenciones_inundaciones_OK_2-02.jpg\" target=\"_blank\" rel=\"noopener\"><img decoding=\"async\" class=\"size-full wp-image-36369 lazyload\" data-src=\"https:\/\/alzira.es\/wp-content\/uploads\/2018\/11\/folleto_subvenciones_inundaciones_OK_2-02.jpg\" alt=\"folleto subvenciones inundaciones OK 2-02\" width=\"850\" height=\"601\" src=\"data:image\/svg+xml;base64,PHN2ZyB3aWR0aD0iMSIgaGVpZ2h0PSIxIiB4bWxucz0iaHR0cDovL3d3dy53My5vcmcvMjAwMC9zdmciPjwvc3ZnPg==\" style=\"--smush-placeholder-width: 850px; --smush-placeholder-aspect-ratio: 850\/601;\"><\/a><\/p>\n","protected":false},"excerpt":{"rendered":"<p>\u2022 Lunes y martes informar\u00e1 a les Basses y Venecia \u2022 La ayuda puede solicitar hasta el 16 de diciembre \u2022 Destinada a vivienda habitual Alzira, 30 de noviembre de 2018.- El Ayuntamiento de Alzira pone en marcha la campa\u00f1a informativa sobre las subvenciones del Ministerio del Interior para paliar las necesidades derivadas de las &hellip; <\/p>\n<p class=\"link-more\"><a href=\"https:\/\/alzira.es\/es\/el-ayuntamiento-colabora-en-la-solicitud-de-ayudas-del-ministerio\/\" class=\"more-link\">Continuar leyendo<span class=\"screen-reader-text\"> \u00abEl Ayuntamiento colabora en la solicitud de ayudas del Ministerio\u00bb<\/span><\/a><\/p>\n","protected":false},"author":29,"featured_media":36367,"comment_status":"closed","ping_status":"closed","sticky":false,"template":"","format":"standard","meta":{"_acf_changed":false,"footnotes":""},"categories":[4936],"tags":[],"class_list":["post-36372","post","type-post","status-publish","format-standard","has-post-thumbnail","hentry","category-hemeroteca-es"],"acf":[],"_links":{"self":[{"href":"https:\/\/alzira.es\/es\/wp-json\/wp\/v2\/posts\/36372","targetHints":{"allow":["GET"]}}],"collection":[{"href":"https:\/\/alzira.es\/es\/wp-json\/wp\/v2\/posts"}],"about":[{"href":"https:\/\/alzira.es\/es\/wp-json\/wp\/v2\/types\/post"}],"author":[{"embeddable":true,"href":"https:\/\/alzira.es\/es\/wp-json\/wp\/v2\/users\/29"}],"replies":[{"embeddable":true,"href":"https:\/\/alzira.es\/es\/wp-json\/wp\/v2\/comments?post=36372"}],"version-history":[{"count":1,"href":"https:\/\/alzira.es\/es\/wp-json\/wp\/v2\/posts\/36372\/revisions"}],"predecessor-version":[{"id":101921,"href":"https:\/\/alzira.es\/es\/wp-json\/wp\/v2\/posts\/36372\/revisions\/101921"}],"wp:featuredmedia":[{"embeddable":true,"href":"https:\/\/alzira.es\/es\/wp-json\/wp\/v2\/media\/36367"}],"wp:attachment":[{"href":"https:\/\/alzira.es\/es\/wp-json\/wp\/v2\/media?parent=36372"}],"wp:term":[{"taxonomy":"category","embeddable":true,"href":"https:\/\/alzira.es\/es\/wp-json\/wp\/v2\/categories?post=36372"},{"taxonomy":"post_tag","embeddable":true,"href":"https:\/\/alzira.es\/es\/wp-json\/wp\/v2\/tags?post=36372"}],"curies":[{"name":"wp","href":"https:\/\/api.w.org\/{rel}","templated":true}]}}