{"id":36365,"date":"2018-11-30T12:02:20","date_gmt":"2018-11-30T11:02:20","guid":{"rendered":"https:\/\/alzira.es\/diumenge-es-disputara-el-v-cros-ciutat-d-alzira-2\/"},"modified":"2018-11-30T12:02:20","modified_gmt":"2018-11-30T11:02:20","slug":"diumenge-es-disputara-el-v-cros-ciutat-d-alzira-2","status":"publish","type":"post","link":"https:\/\/alzira.es\/es\/diumenge-es-disputara-el-v-cros-ciutat-d-alzira-2\/","title":{"rendered":"Diumenge es disputar\u00e0 el V Cros Ciutat d\u2019Alzira"},"content":{"rendered":"<p style=\"text-align: justify;\">Alzira, 30 de desembre de 2018.- Diumenge, 2 de desembre, a partir de les 9:30 hores tindr\u00e0 lloc el \u00abV Cros Ciutat d&#8217;Alzira\u00bb, organitzat pel Club d&#8217;Atletisme La Rabosa, amb la col\u00b7laboraci\u00f3 de la Regidoria d&#8217;Esports i amb la supervisi\u00f3 de la Federaci\u00f3 Auton\u00f2mica d&#8217;Atletisme de la Comunitat Valenciana.<\/p>\n<p style=\"text-align: justify;\">Es tracta d&#8217;una prova que est\u00e0 inclosa dins del calendari de competicions de la Federaci\u00f3 d&#8217;Atletisme de la Comunitat Valenciana. Es duran a terme un total de 20 proves, totes elles a l&#8217;interior de la Ciutat Esportiva Jorge Martinez Aspar.<\/p>\n<p style=\"text-align: justify;\">El \u00abV Cros Ciutat d&#8217;Alzira\u00bb \u00e9s puntuable per al \u00abCircuit Auton\u00f2mic de Camp a Traves 18\/19\u00bb tant Federat com Escolar per la qual cosa es donaran cita la majoria dels atletes federats de la nostra comunitat, especialment els de categories inferiors, que \u00e9s el que es pret\u00e9n potenciar.<\/p>\n<p style=\"text-align: center;\"><img fetchpriority=\"high\" decoding=\"async\" width=\"801\" height=\"582\" class=\" size-full wp-image-36361\" src=\"https:\/\/alzira.es\/wp-content\/uploads\/2018\/11\/Cartell_V_Cross_Ciutat_dAlzira.jpg\" alt=\"Cartell V Cross Ciutat dAlzira\" srcset=\"https:\/\/alzira.es\/wp-content\/uploads\/2018\/11\/Cartell_V_Cross_Ciutat_dAlzira.jpg 801w, https:\/\/alzira.es\/wp-content\/uploads\/2018\/11\/Cartell_V_Cross_Ciutat_dAlzira-680x494.jpg 680w, https:\/\/alzira.es\/wp-content\/uploads\/2018\/11\/Cartell_V_Cross_Ciutat_dAlzira-768x558.jpg 768w\" sizes=\"(max-width: 706px) 89vw, (max-width: 767px) 82vw, 740px\" \/><\/p>\n","protected":false},"excerpt":{"rendered":"<p>Alzira, 30 de desembre de 2018.- Diumenge, 2 de desembre, a partir de les 9:30 hores tindr\u00e0 lloc el \u00abV Cros Ciutat d&#8217;Alzira\u00bb, organitzat pel Club d&#8217;Atletisme La Rabosa, amb la col\u00b7laboraci\u00f3 de la Regidoria d&#8217;Esports i amb la supervisi\u00f3 de la Federaci\u00f3 Auton\u00f2mica d&#8217;Atletisme de la Comunitat Valenciana. Es tracta d&#8217;una prova que est\u00e0 &hellip; <\/p>\n<p class=\"link-more\"><a href=\"https:\/\/alzira.es\/es\/diumenge-es-disputara-el-v-cros-ciutat-d-alzira-2\/\" class=\"more-link\">Continuar leyendo<span class=\"screen-reader-text\"> \u00abDiumenge es disputar\u00e0 el V Cros Ciutat d\u2019Alzira\u00bb<\/span><\/a><\/p>\n","protected":false},"author":29,"featured_media":36361,"comment_status":"","ping_status":"","sticky":false,"template":"","format":"standard","meta":{"_acf_changed":false,"footnotes":""},"categories":[],"tags":[],"class_list":["post-36365","post","type-post","status-publish","format-standard","has-post-thumbnail","hentry"],"acf":[],"_links":{"self":[{"href":"https:\/\/alzira.es\/es\/wp-json\/wp\/v2\/posts\/36365","targetHints":{"allow":["GET"]}}],"collection":[{"href":"https:\/\/alzira.es\/es\/wp-json\/wp\/v2\/posts"}],"about":[{"href":"https:\/\/alzira.es\/es\/wp-json\/wp\/v2\/types\/post"}],"author":[{"embeddable":true,"href":"https:\/\/alzira.es\/es\/wp-json\/wp\/v2\/users\/29"}],"replies":[{"embeddable":true,"href":"https:\/\/alzira.es\/es\/wp-json\/wp\/v2\/comments?post=36365"}],"version-history":[{"count":0,"href":"https:\/\/alzira.es\/es\/wp-json\/wp\/v2\/posts\/36365\/revisions"}],"wp:featuredmedia":[{"embeddable":true,"href":"https:\/\/alzira.es\/es\/wp-json\/wp\/v2\/media\/36361"}],"wp:attachment":[{"href":"https:\/\/alzira.es\/es\/wp-json\/wp\/v2\/media?parent=36365"}],"wp:term":[{"taxonomy":"category","embeddable":true,"href":"https:\/\/alzira.es\/es\/wp-json\/wp\/v2\/categories?post=36365"},{"taxonomy":"post_tag","embeddable":true,"href":"https:\/\/alzira.es\/es\/wp-json\/wp\/v2\/tags?post=36365"}],"curies":[{"name":"wp","href":"https:\/\/api.w.org\/{rel}","templated":true}]}}