{"id":36363,"date":"2018-11-30T12:02:20","date_gmt":"2018-11-30T11:02:20","guid":{"rendered":"https:\/\/alzira.es\/diumenge-es-disputara-el-v-cros-ciutat-d-alzira\/"},"modified":"2021-10-06T20:09:19","modified_gmt":"2021-10-06T18:09:19","slug":"el-domingo-se-disputara-el-v-cross-ciutat-dalzira","status":"publish","type":"post","link":"https:\/\/alzira.es\/es\/el-domingo-se-disputara-el-v-cross-ciutat-dalzira\/","title":{"rendered":"El domingo se disputar\u00e1 el V Cross Ciutat d&#8217;Alzira"},"content":{"rendered":"<p style=\"text-align: justify;\"><strong>Alzira, 30 de diciembre de 2018.-<\/strong> Domingo, 2 de diciembre, a partir de las 9:30 horas tendr\u00e1 lugar el \u00abV Cross Ciutat d&#8217;Alzira\u00bb, organizado por el Club de Atletismo La Rabosa, con la colaboraci\u00f3n de la Concejal\u00eda de Deportes y con la supervisi\u00f3n de la Federaci\u00f3n Auton\u00f3mica de Atletismo de la Comunidad Valenciana.<\/p>\n<p style=\"text-align: justify;\">Se trata de una prueba que est\u00e1 incluida dentro del calendario de competiciones de la Federaci\u00f3n de Atletismo de la Comunidad Valenciana. Se llevar\u00e1n a cabo un total de 20 pruebas, todas ellas en el interior de la Ciudad Deportiva Jorge Martinez Aspar.<\/p>\n<p style=\"text-align: justify;\">El \u00abV Cross Ciutat d&#8217;Alzira\u00bb es puntuable para el \u00abCircuito Auton\u00f3mico de Campo a Traves 18\/19\u00bb tanto Federado como Escolar por lo que se dar\u00e1n cita la mayor\u00eda de los atletas federados de nuestra comunidad, especialmente los de categor\u00edas inferiores , que es lo que se pretende potenciar.<\/p>\n<p style=\"text-align: center;\"><img fetchpriority=\"high\" decoding=\"async\" width=\"801\" height=\"582\" class=\" size-full wp-image-36361\" src=\"https:\/\/alzira.es\/wp-content\/uploads\/2018\/11\/Cartell_V_Cross_Ciutat_dAlzira.jpg\" alt=\"Cartell V Cross Ciutat dAlzira\" srcset=\"https:\/\/alzira.es\/wp-content\/uploads\/2018\/11\/Cartell_V_Cross_Ciutat_dAlzira.jpg 801w, https:\/\/alzira.es\/wp-content\/uploads\/2018\/11\/Cartell_V_Cross_Ciutat_dAlzira-680x494.jpg 680w, https:\/\/alzira.es\/wp-content\/uploads\/2018\/11\/Cartell_V_Cross_Ciutat_dAlzira-768x558.jpg 768w\" sizes=\"(max-width: 706px) 89vw, (max-width: 767px) 82vw, 740px\" \/><\/p>\n","protected":false},"excerpt":{"rendered":"<p>Alzira, 30 de diciembre de 2018.- Domingo, 2 de diciembre, a partir de las 9:30 horas tendr\u00e1 lugar el \u00abV Cross Ciutat d&#8217;Alzira\u00bb, organizado por el Club de Atletismo La Rabosa, con la colaboraci\u00f3n de la Concejal\u00eda de Deportes y con la supervisi\u00f3n de la Federaci\u00f3n Auton\u00f3mica de Atletismo de la Comunidad Valenciana. Se trata &hellip; <\/p>\n<p class=\"link-more\"><a href=\"https:\/\/alzira.es\/es\/el-domingo-se-disputara-el-v-cross-ciutat-dalzira\/\" class=\"more-link\">Continuar leyendo<span class=\"screen-reader-text\"> \u00abEl domingo se disputar\u00e1 el V Cross Ciutat d&#8217;Alzira\u00bb<\/span><\/a><\/p>\n","protected":false},"author":29,"featured_media":36361,"comment_status":"closed","ping_status":"closed","sticky":false,"template":"","format":"standard","meta":{"_acf_changed":false,"footnotes":""},"categories":[4936],"tags":[],"class_list":["post-36363","post","type-post","status-publish","format-standard","has-post-thumbnail","hentry","category-hemeroteca-es"],"acf":[],"_links":{"self":[{"href":"https:\/\/alzira.es\/es\/wp-json\/wp\/v2\/posts\/36363","targetHints":{"allow":["GET"]}}],"collection":[{"href":"https:\/\/alzira.es\/es\/wp-json\/wp\/v2\/posts"}],"about":[{"href":"https:\/\/alzira.es\/es\/wp-json\/wp\/v2\/types\/post"}],"author":[{"embeddable":true,"href":"https:\/\/alzira.es\/es\/wp-json\/wp\/v2\/users\/29"}],"replies":[{"embeddable":true,"href":"https:\/\/alzira.es\/es\/wp-json\/wp\/v2\/comments?post=36363"}],"version-history":[{"count":1,"href":"https:\/\/alzira.es\/es\/wp-json\/wp\/v2\/posts\/36363\/revisions"}],"predecessor-version":[{"id":101924,"href":"https:\/\/alzira.es\/es\/wp-json\/wp\/v2\/posts\/36363\/revisions\/101924"}],"wp:featuredmedia":[{"embeddable":true,"href":"https:\/\/alzira.es\/es\/wp-json\/wp\/v2\/media\/36361"}],"wp:attachment":[{"href":"https:\/\/alzira.es\/es\/wp-json\/wp\/v2\/media?parent=36363"}],"wp:term":[{"taxonomy":"category","embeddable":true,"href":"https:\/\/alzira.es\/es\/wp-json\/wp\/v2\/categories?post=36363"},{"taxonomy":"post_tag","embeddable":true,"href":"https:\/\/alzira.es\/es\/wp-json\/wp\/v2\/tags?post=36363"}],"curies":[{"name":"wp","href":"https:\/\/api.w.org\/{rel}","templated":true}]}}