{"id":36358,"date":"2018-11-30T11:59:17","date_gmt":"2018-11-30T10:59:17","guid":{"rendered":"https:\/\/alzira.es\/alzira-comenca-l-elaboracio-de-la-carta-d-alzira-per-als-drets-socials\/"},"modified":"2021-10-06T20:09:14","modified_gmt":"2021-10-06T18:09:14","slug":"alzira-comienza-la-elaboracion-de-la-carta-de-alzira-para-los-derechos-sociales","status":"publish","type":"post","link":"https:\/\/alzira.es\/es\/alzira-comienza-la-elaboracion-de-la-carta-de-alzira-para-los-derechos-sociales\/","title":{"rendered":"Alzira comienza la elaboraci\u00f3n de la Carta de Alzira para los Derechos Sociales"},"content":{"rendered":"<p style=\"text-align: justify;\"><strong>Alzira, 30 de noviembre de 2018.-<\/strong> El pr\u00f3ximo martes, 4 de diciembre, se inicia el proceso participativo para la elaboraci\u00f3n de la Carta de Alzira para los Derechos Sociales con una primera sesi\u00f3n convocada a las 17 horas en la segunda planta del edificio de bienestar social y servicios sociales de la calle Rambla. Servir\u00e1 para constituir un grupo de trabajo que impulse el contenido de esta Carta Local de Derechos Sociales con la idea de recuperar espacios de reivindicaci\u00f3n y de sensibilizaci\u00f3n con el prop\u00f3sito de poner la centralidad y las prioridades en las personas y la pr\u00e1ctica efectiva de sus derechos.<\/p>\n<p style=\"text-align: justify;\">\u00abSomos conscientes de los profundos cambios y transformaciones que afectan a nuestra sociedad y la posici\u00f3n de proximidad que tiene el municipalismo y su posibilidad de incidir sobre las personas, los colectivos locales y el territorio, y esta situaci\u00f3n nos motiva para adoptar estas nuevas iniciativas \u00abasegura la concejala de Servicios Sociales y Pol\u00edticas de Igualdad, Marina Mir.<\/p>\n<p style=\"text-align: justify;\">La intenci\u00f3n es trabajar para construir un nuevo civismo que ayude a preservar la diversidad, el pluralismo y la heterogeneidad de nuestra ciudad y sus gentes porque diferentes aspectos han supuesto la desaparici\u00f3n o debilitamiento de los referentes sociales y comunitarios de la actividad humana y personal y, adem\u00e1s, se puede prever un escenario de mayor fragmentaci\u00f3n y tensi\u00f3n social, poni\u00e9ndose en riesgo aspectos esenciales del Estado de Bienestar y el reconocimiento de sus derechos.<\/p>\n<p style=\"text-align: justify;\">Por todo ello, desde la Concejal\u00eda de Servicios Sociales y Pol\u00edticas de Igualdad se impulsa esta acci\u00f3n con la intenci\u00f3n de afrontar nuevos fen\u00f3menos como la pobreza, la exclusi\u00f3n social y la desigualdad, el envejecimiento y los problemas derivados de una sociedad m\u00e1s dependiente, el impacto ecol\u00f3gico y las nuevas energ\u00edas, la soberan\u00eda alimentaria, la movilidad urbana, el papel del espacio p\u00fablico, el consumo responsable, el bienestar infantil y el de sus familias, el respeto por la diversidad de opciones vitales, etc.<\/p>\n<p style=\"text-align: center;\"><img fetchpriority=\"high\" decoding=\"async\" width=\"643\" height=\"371\" class=\" size-full wp-image-36356\" src=\"https:\/\/alzira.es\/wp-content\/uploads\/2018\/11\/drets_socials.jpg\" alt=\"drets socials\"><\/p>\n","protected":false},"excerpt":{"rendered":"<p>Alzira, 30 de noviembre de 2018.- El pr\u00f3ximo martes, 4 de diciembre, se inicia el proceso participativo para la elaboraci\u00f3n de la Carta de Alzira para los Derechos Sociales con una primera sesi\u00f3n convocada a las 17 horas en la segunda planta del edificio de bienestar social y servicios sociales de la calle Rambla. Servir\u00e1 &hellip; <\/p>\n<p class=\"link-more\"><a href=\"https:\/\/alzira.es\/es\/alzira-comienza-la-elaboracion-de-la-carta-de-alzira-para-los-derechos-sociales\/\" class=\"more-link\">Continuar leyendo<span class=\"screen-reader-text\"> \u00abAlzira comienza la elaboraci\u00f3n de la Carta de Alzira para los Derechos Sociales\u00bb<\/span><\/a><\/p>\n","protected":false},"author":29,"featured_media":36356,"comment_status":"closed","ping_status":"closed","sticky":false,"template":"","format":"standard","meta":{"_acf_changed":false,"footnotes":""},"categories":[4936],"tags":[],"class_list":["post-36358","post","type-post","status-publish","format-standard","has-post-thumbnail","hentry","category-hemeroteca-es"],"acf":[],"_links":{"self":[{"href":"https:\/\/alzira.es\/es\/wp-json\/wp\/v2\/posts\/36358","targetHints":{"allow":["GET"]}}],"collection":[{"href":"https:\/\/alzira.es\/es\/wp-json\/wp\/v2\/posts"}],"about":[{"href":"https:\/\/alzira.es\/es\/wp-json\/wp\/v2\/types\/post"}],"author":[{"embeddable":true,"href":"https:\/\/alzira.es\/es\/wp-json\/wp\/v2\/users\/29"}],"replies":[{"embeddable":true,"href":"https:\/\/alzira.es\/es\/wp-json\/wp\/v2\/comments?post=36358"}],"version-history":[{"count":1,"href":"https:\/\/alzira.es\/es\/wp-json\/wp\/v2\/posts\/36358\/revisions"}],"predecessor-version":[{"id":101923,"href":"https:\/\/alzira.es\/es\/wp-json\/wp\/v2\/posts\/36358\/revisions\/101923"}],"wp:featuredmedia":[{"embeddable":true,"href":"https:\/\/alzira.es\/es\/wp-json\/wp\/v2\/media\/36356"}],"wp:attachment":[{"href":"https:\/\/alzira.es\/es\/wp-json\/wp\/v2\/media?parent=36358"}],"wp:term":[{"taxonomy":"category","embeddable":true,"href":"https:\/\/alzira.es\/es\/wp-json\/wp\/v2\/categories?post=36358"},{"taxonomy":"post_tag","embeddable":true,"href":"https:\/\/alzira.es\/es\/wp-json\/wp\/v2\/tags?post=36358"}],"curies":[{"name":"wp","href":"https:\/\/api.w.org\/{rel}","templated":true}]}}