{"id":36190,"date":"2018-11-22T16:00:00","date_gmt":"2018-11-22T15:00:00","guid":{"rendered":"https:\/\/alzira.es\/la-tamborada-d-alzira-mes-a-prop-de-ser-patrimoni-cultural-immaterial-de-la-humanitat\/"},"modified":"2018-11-22T16:00:00","modified_gmt":"2018-11-22T15:00:00","slug":"la-tamborada-d-alzira-mes-a-prop-de-ser-patrimoni-cultural-immaterial-de-la-humanitat","status":"publish","type":"post","link":"https:\/\/alzira.es\/es\/la-tamborada-d-alzira-mes-a-prop-de-ser-patrimoni-cultural-immaterial-de-la-humanitat\/","title":{"rendered":"La Tamborada d&#8217;Alzira m\u00e9s a prop de ser Patrimoni Cultural Immaterial de la Humanitat"},"content":{"rendered":"<p style=\"text-align: justify;\"><strong><a href=\"https:\/\/alzira.es\/wp-content\/uploads\/2018\/11\/20181121_193018.jpg\" target=\"_blank\" rel=\"noopener\"><img fetchpriority=\"high\" decoding=\"async\" class=\" alignleft size-full wp-image-36186\" style=\"margin-right: 10px; float: left;\" title=\"La Tamborada d'Alzira m\u00e9s a prop de ser Patrimoni Cultural Immaterial de la Humanitat \" src=\"https:\/\/alzira.es\/wp-content\/uploads\/2018\/11\/20181121_193018.jpg\" alt=\"20181121 193018\" width=\"600\" height=\"338\" srcset=\"https:\/\/alzira.es\/wp-content\/uploads\/2018\/11\/20181121_193018.jpg 1200w, https:\/\/alzira.es\/wp-content\/uploads\/2018\/11\/20181121_193018-680x383.jpg 680w, https:\/\/alzira.es\/wp-content\/uploads\/2018\/11\/20181121_193018-768x432.jpg 768w\" sizes=\"(max-width: 600px) 100vw, 600px\" \/><\/a>Alzira, 22 de novembre de 2018 &#8211; <\/strong>La Tamborada d&#8217;Alzira, junt a la d&#8217;altres 17 poblacions de diverses prov\u00edncies del nostre pa\u00eds, \u00e9s candidata a Patrimoni Cultural Immaterial de la Humanitat per la UNESCO.<\/p>\n<p style=\"text-align: justify;\">En breus dies es coneixer\u00e0 el veredicte, despr\u00e9s de les decisions preses a l&#8217;Illa Mauricio, en esta ocasi\u00f3, seu de les deliberacions . Un anunci que esperen siga positiu tant Isabel Aguilar, vicealcaldessa i regidora de Festes, com a representant institucional; com Vicent F\u00e1bregues, president de la Junta de Germandats i Confraries, com a representant de la Setmana Santa, una de les tradicions m\u00e9s arrelades al calendari festiu alzireny.<\/p>\n<p style=\"text-align: justify;\">La Tamborada, un dels actes oficials de la Setmana Santa, compta amb la participaci\u00f3 de les diverses bandes del tambor i del bombo de les Germandats i Confraries.<\/p>\n<p style=\"text-align: justify;\">Hui la vicealcaldessa ha rebut la telefonada de la diputada Alicia Piquer per tal de comunicar-li que el Congr\u00e9s dels diputats anava ha realitzar una declaraci\u00f3 institucional on es recolza \u00abLas tamboradas. Ritual del toque del tambor y bombo\u00bb candidats a Patrimoni Cultural Immaterial de la Humanitat per la UNESCO.<\/p>\n<p style=\"text-align: justify;\">Per altra banda tamb\u00e9 ha sigut felicitada pel Baen\u00e9s, Antonio Mesa Sevillano, president del Consorci Nacional dels Pobles del Tambor i del Bombo, agraint-li l&#8217;inter\u00e9s mostrat per Alzira amb la difusi\u00f3 i recolzament de la candidatura, en cas de ser declarats Patrimoni Cultural Immaterial de la Humanitat.<\/p>\n<p style=\"text-align: justify;\"><strong>&nbsp;<\/strong><\/p>\n","protected":false},"excerpt":{"rendered":"<p>Alzira, 22 de novembre de 2018 &#8211; La Tamborada d&#8217;Alzira, junt a la d&#8217;altres 17 poblacions de diverses prov\u00edncies del nostre pa\u00eds, \u00e9s candidata a Patrimoni Cultural Immaterial de la Humanitat per la UNESCO. En breus dies es coneixer\u00e0 el veredicte, despr\u00e9s de les decisions preses a l&#8217;Illa Mauricio, en esta ocasi\u00f3, seu de les &hellip; <\/p>\n<p class=\"link-more\"><a href=\"https:\/\/alzira.es\/es\/la-tamborada-d-alzira-mes-a-prop-de-ser-patrimoni-cultural-immaterial-de-la-humanitat\/\" class=\"more-link\">Continuar leyendo<span class=\"screen-reader-text\"> \u00abLa Tamborada d&#8217;Alzira m\u00e9s a prop de ser Patrimoni Cultural Immaterial de la Humanitat\u00bb<\/span><\/a><\/p>\n","protected":false},"author":12,"featured_media":36186,"comment_status":"","ping_status":"","sticky":false,"template":"","format":"standard","meta":{"_acf_changed":false,"footnotes":""},"categories":[],"tags":[],"class_list":["post-36190","post","type-post","status-publish","format-standard","has-post-thumbnail","hentry"],"acf":[],"_links":{"self":[{"href":"https:\/\/alzira.es\/es\/wp-json\/wp\/v2\/posts\/36190","targetHints":{"allow":["GET"]}}],"collection":[{"href":"https:\/\/alzira.es\/es\/wp-json\/wp\/v2\/posts"}],"about":[{"href":"https:\/\/alzira.es\/es\/wp-json\/wp\/v2\/types\/post"}],"author":[{"embeddable":true,"href":"https:\/\/alzira.es\/es\/wp-json\/wp\/v2\/users\/12"}],"replies":[{"embeddable":true,"href":"https:\/\/alzira.es\/es\/wp-json\/wp\/v2\/comments?post=36190"}],"version-history":[{"count":0,"href":"https:\/\/alzira.es\/es\/wp-json\/wp\/v2\/posts\/36190\/revisions"}],"wp:featuredmedia":[{"embeddable":true,"href":"https:\/\/alzira.es\/es\/wp-json\/wp\/v2\/media\/36186"}],"wp:attachment":[{"href":"https:\/\/alzira.es\/es\/wp-json\/wp\/v2\/media?parent=36190"}],"wp:term":[{"taxonomy":"category","embeddable":true,"href":"https:\/\/alzira.es\/es\/wp-json\/wp\/v2\/categories?post=36190"},{"taxonomy":"post_tag","embeddable":true,"href":"https:\/\/alzira.es\/es\/wp-json\/wp\/v2\/tags?post=36190"}],"curies":[{"name":"wp","href":"https:\/\/api.w.org\/{rel}","templated":true}]}}