{"id":36188,"date":"2018-11-22T16:00:00","date_gmt":"2018-11-22T15:00:00","guid":{"rendered":"https:\/\/alzira.es\/la-tamborada-de-alzira-mas-cerca-de-ser-patrimonio-cultural-inmaterial-de-la-humanidad\/"},"modified":"2018-11-22T16:00:00","modified_gmt":"2018-11-22T15:00:00","slug":"la-tamborada-de-alzira-mas-cerca-de-ser-patrimonio-cultural-inmaterial-de-la-humanidad","status":"publish","type":"post","link":"https:\/\/alzira.es\/es\/la-tamborada-de-alzira-mas-cerca-de-ser-patrimonio-cultural-inmaterial-de-la-humanidad\/","title":{"rendered":"La Tamborada de Alzira m\u00e1s cerca de ser Patrimonio Cultural Inmaterial de la Humanidad"},"content":{"rendered":"<p style=\"text-align: justify;\"><strong><a href=\"https:\/\/alzira.es\/wp-content\/uploads\/2018\/11\/20181121_193018.jpg\" target=\"_blank\" rel=\"noopener\"><img fetchpriority=\"high\" decoding=\"async\" class=\" alignleft size-full wp-image-36186\" style=\"margin-right: 10px; float: left;\" title=\"La Tamborada de Alzira m\u00e1s cerca de ser Patrimonio Cultural Inmaterial de la Humanidad\" src=\"https:\/\/alzira.es\/wp-content\/uploads\/2018\/11\/20181121_193018.jpg\" alt=\"20181121 193018\" width=\"600\" height=\"338\" srcset=\"https:\/\/alzira.es\/wp-content\/uploads\/2018\/11\/20181121_193018.jpg 1200w, https:\/\/alzira.es\/wp-content\/uploads\/2018\/11\/20181121_193018-680x383.jpg 680w, https:\/\/alzira.es\/wp-content\/uploads\/2018\/11\/20181121_193018-768x432.jpg 768w\" sizes=\"(max-width: 600px) 100vw, 600px\" \/><\/a>Alzira, 22 de noviembre de 2018 &#8211;<\/strong> La Tamborada de Alzira, junto a la de otras 17 poblaciones de varias provincias de nuestro pa\u00eds, es candidata a Patrimonio Cultural Inmaterial de la Humanidad por la UNESCO.<\/p>\n<p style=\"text-align: justify;\">En breves d\u00edas se conocer\u00e1 el veredicto, tras las decisiones tomadas en Isla Mauricio, en esta ocasi\u00f3n, sede de las deliberaciones. Un anuncio que esperan que sea positivo tanto Isabel Aguilar, vicealcaldesa y concejala de Fiestas; como el representante institucional, Vicente F\u00e1bregues; presidente de la Junta de Hermandades y Cofrad\u00edas y representante de la Semana Santa, una de las tradiciones m\u00e1s arraigadas en el calendario festivo alzire\u00f1o.<\/p>\n<p style=\"text-align: justify;\">La Tamborada, uno de los actos oficiales de la Semana Santa, cuenta con la participaci\u00f3n de las diversas bandas del tambor y del bombo de las Hermandades y Cofrad\u00edas.<\/p>\n<p style=\"text-align: justify;\">Hoy la vicealcaldesa ha recibido la llamada de la diputada Alicia Piquer para comunicarle que el Congreso de los diputados iba ha realizar una declaraci\u00f3n institucional donde se apoya \u00ab<em>Las tamboradas. Ritual del toque del tambor y bombo<\/em>\u00bb candidatos a Patrimonio Cultural Inmaterial de la Humanidad por la UNESCO.<\/p>\n<p style=\"text-align: justify;\">Por otra parte tambi\u00e9n ha sido felicitada por el Baen\u00e9s Antonio Mesa Sevillano, presidente del Consorcio Nacional de los Pueblos del Tambor y del Bombo, agradeci\u00e9ndole el inter\u00e9s mostrado por Alzira con la difusi\u00f3n y apoyo de la candidatura, en caso de ser declarados Patrimonio cultural Inmaterial de la Humanidad.<\/p>\n","protected":false},"excerpt":{"rendered":"<p>Alzira, 22 de noviembre de 2018 &#8211; La Tamborada de Alzira, junto a la de otras 17 poblaciones de varias provincias de nuestro pa\u00eds, es candidata a Patrimonio Cultural Inmaterial de la Humanidad por la UNESCO. En breves d\u00edas se conocer\u00e1 el veredicto, tras las decisiones tomadas en Isla Mauricio, en esta ocasi\u00f3n, sede de &hellip; <\/p>\n<p class=\"link-more\"><a href=\"https:\/\/alzira.es\/es\/la-tamborada-de-alzira-mas-cerca-de-ser-patrimonio-cultural-inmaterial-de-la-humanidad\/\" class=\"more-link\">Continuar leyendo<span class=\"screen-reader-text\"> \u00abLa Tamborada de Alzira m\u00e1s cerca de ser Patrimonio Cultural Inmaterial de la Humanidad\u00bb<\/span><\/a><\/p>\n","protected":false},"author":12,"featured_media":36186,"comment_status":"","ping_status":"","sticky":false,"template":"","format":"standard","meta":{"_acf_changed":false,"footnotes":""},"categories":[4936],"tags":[],"class_list":["post-36188","post","type-post","status-publish","format-standard","has-post-thumbnail","hentry","category-hemeroteca-es"],"acf":[],"_links":{"self":[{"href":"https:\/\/alzira.es\/es\/wp-json\/wp\/v2\/posts\/36188","targetHints":{"allow":["GET"]}}],"collection":[{"href":"https:\/\/alzira.es\/es\/wp-json\/wp\/v2\/posts"}],"about":[{"href":"https:\/\/alzira.es\/es\/wp-json\/wp\/v2\/types\/post"}],"author":[{"embeddable":true,"href":"https:\/\/alzira.es\/es\/wp-json\/wp\/v2\/users\/12"}],"replies":[{"embeddable":true,"href":"https:\/\/alzira.es\/es\/wp-json\/wp\/v2\/comments?post=36188"}],"version-history":[{"count":0,"href":"https:\/\/alzira.es\/es\/wp-json\/wp\/v2\/posts\/36188\/revisions"}],"wp:featuredmedia":[{"embeddable":true,"href":"https:\/\/alzira.es\/es\/wp-json\/wp\/v2\/media\/36186"}],"wp:attachment":[{"href":"https:\/\/alzira.es\/es\/wp-json\/wp\/v2\/media?parent=36188"}],"wp:term":[{"taxonomy":"category","embeddable":true,"href":"https:\/\/alzira.es\/es\/wp-json\/wp\/v2\/categories?post=36188"},{"taxonomy":"post_tag","embeddable":true,"href":"https:\/\/alzira.es\/es\/wp-json\/wp\/v2\/tags?post=36188"}],"curies":[{"name":"wp","href":"https:\/\/api.w.org\/{rel}","templated":true}]}}