{"id":36184,"date":"2018-11-22T15:00:07","date_gmt":"2018-11-22T14:00:07","guid":{"rendered":"https:\/\/alzira.es\/idea-rep-una-nova-subvencio-de-163-000-euros-per-a-cursos-d-fp\/"},"modified":"2018-11-22T15:00:07","modified_gmt":"2018-11-22T14:00:07","slug":"idea-rep-una-nova-subvencio-de-163-000-euros-per-a-cursos-d-fp","status":"publish","type":"post","link":"https:\/\/alzira.es\/es\/idea-rep-una-nova-subvencio-de-163-000-euros-per-a-cursos-d-fp\/","title":{"rendered":"IDEA rep una nova subvenci\u00f3 de 163.000 euros per a cursos d\u2019FP"},"content":{"rendered":"<p style=\"text-align: justify;\"><strong><a href=\"https:\/\/alzira.es\/wp-content\/uploads\/2018\/11\/34838334_1733742850039213_2528234908267053056_o.jpg\" target=\"_blank\" rel=\"noopener\"><img fetchpriority=\"high\" decoding=\"async\" class=\" alignleft size-full wp-image-36179\" style=\"margin-right: 10px; float: left;\" title=\"IDEA rep una nova subvenci\u00f3 de 163.000 euros per a cursos d\u2019FP \" src=\"https:\/\/alzira.es\/wp-content\/uploads\/2018\/11\/34838334_1733742850039213_2528234908267053056_o.jpg\" alt=\"34838334 1733742850039213 2528234908267053056 o\" width=\"600\" height=\"400\" srcset=\"https:\/\/alzira.es\/wp-content\/uploads\/2018\/11\/34838334_1733742850039213_2528234908267053056_o.jpg 1944w, https:\/\/alzira.es\/wp-content\/uploads\/2018\/11\/34838334_1733742850039213_2528234908267053056_o-680x453.jpg 680w, https:\/\/alzira.es\/wp-content\/uploads\/2018\/11\/34838334_1733742850039213_2528234908267053056_o-1430x953.jpg 1430w, https:\/\/alzira.es\/wp-content\/uploads\/2018\/11\/34838334_1733742850039213_2528234908267053056_o-768x512.jpg 768w, https:\/\/alzira.es\/wp-content\/uploads\/2018\/11\/34838334_1733742850039213_2528234908267053056_o-1536x1024.jpg 1536w\" sizes=\"(max-width: 600px) 100vw, 600px\" \/><\/a>Alzira, 22 de novembre del 2018.<\/strong> La Conselleria d&#8217;Economia Sostenible, Sectors productius, Comer\u00e7 i Treball, ha aprovat una subvenci\u00f3 de 163.000 euros per a la ficada en marxa de cursos de formaci\u00f3 professional per a l&#8217;ocupaci\u00f3 en la modalitat \u00abFormaci\u00f3 per a la inserci\u00f3\u00bb en 10 especialitats diferents entre les que destaca: serveis de bar i cafeteria (71.706 euros); instal\u2022laci\u00f3 i manteniment de jardins i zones verdes (38.556 euros); Angl\u00e9s B1 (17.976 euros); i operacions b\u00e0siques de restaurant i bar (34.800 euros).<\/p>\n<p style=\"text-align: justify;\">L&#8217;objectiu d&#8217;aquestes accions formatives \u00e9s proporcionar a l&#8217;alumnat una qualificaci\u00f3 professional apta per a dur a terme l&#8217;ocupaci\u00f3 referida en les especialitats citades per a facilitar-los una millor inserci\u00f3 en el mercat laboral. El n\u00famero d&#8217;alumnes seleccionats per a cada curs ser\u00e0 de 15 i el per\u00edode d&#8217;inscripci\u00f3 ja ha comen\u00e7at.<\/p>\n<p style=\"text-align: justify;\">Ivan Mart\u00ednez, regidor de Treball, Desenvolupament Econ\u00f2mic i Projectes Europeus ha destacat que: \u00abdes de l&#8217;Ajuntament ja hem ficat en funcionament diversos cursos de formaci\u00f3, per tal de dotar a les persones aturades de m\u00e9s recursos en l&#8217;\u00e0mbit laboral. Al mateix temps, tamb\u00e9 s&#8217;est\u00e0 realitzant un esfor\u00e7 per tal d&#8217;aprofitar instal\u2022lacions municipals com ara el restaurant del Respirall amb el curs de cambrer i hostaleria o amb convenis amb el sector privat com ara el curs de formaci\u00f3 en reparaci\u00f3 i mec\u00e0nica de camions amb l&#8217;empresa AUTAL\u00bb.<\/p>\n<p style=\"text-align: justify;\">M\u00e9s informaci\u00f3 i bases, pr\u00f2ximament, en la web <span style=\"color: #0000ff;\">https:\/\/www.idea-alzira.com\/<\/span><\/p>\n<p style=\"text-align: justify;\"><span style=\"color: #0000ff;\"><\/span><\/p>\n","protected":false},"excerpt":{"rendered":"<p>Alzira, 22 de novembre del 2018. La Conselleria d&#8217;Economia Sostenible, Sectors productius, Comer\u00e7 i Treball, ha aprovat una subvenci\u00f3 de 163.000 euros per a la ficada en marxa de cursos de formaci\u00f3 professional per a l&#8217;ocupaci\u00f3 en la modalitat \u00abFormaci\u00f3 per a la inserci\u00f3\u00bb en 10 especialitats diferents entre les que destaca: serveis de bar &hellip; <\/p>\n<p class=\"link-more\"><a href=\"https:\/\/alzira.es\/es\/idea-rep-una-nova-subvencio-de-163-000-euros-per-a-cursos-d-fp\/\" class=\"more-link\">Continuar leyendo<span class=\"screen-reader-text\"> \u00abIDEA rep una nova subvenci\u00f3 de 163.000 euros per a cursos d\u2019FP\u00bb<\/span><\/a><\/p>\n","protected":false},"author":12,"featured_media":36179,"comment_status":"","ping_status":"","sticky":false,"template":"","format":"standard","meta":{"_acf_changed":false,"footnotes":""},"categories":[],"tags":[],"class_list":["post-36184","post","type-post","status-publish","format-standard","has-post-thumbnail","hentry"],"acf":[],"_links":{"self":[{"href":"https:\/\/alzira.es\/es\/wp-json\/wp\/v2\/posts\/36184","targetHints":{"allow":["GET"]}}],"collection":[{"href":"https:\/\/alzira.es\/es\/wp-json\/wp\/v2\/posts"}],"about":[{"href":"https:\/\/alzira.es\/es\/wp-json\/wp\/v2\/types\/post"}],"author":[{"embeddable":true,"href":"https:\/\/alzira.es\/es\/wp-json\/wp\/v2\/users\/12"}],"replies":[{"embeddable":true,"href":"https:\/\/alzira.es\/es\/wp-json\/wp\/v2\/comments?post=36184"}],"version-history":[{"count":0,"href":"https:\/\/alzira.es\/es\/wp-json\/wp\/v2\/posts\/36184\/revisions"}],"wp:featuredmedia":[{"embeddable":true,"href":"https:\/\/alzira.es\/es\/wp-json\/wp\/v2\/media\/36179"}],"wp:attachment":[{"href":"https:\/\/alzira.es\/es\/wp-json\/wp\/v2\/media?parent=36184"}],"wp:term":[{"taxonomy":"category","embeddable":true,"href":"https:\/\/alzira.es\/es\/wp-json\/wp\/v2\/categories?post=36184"},{"taxonomy":"post_tag","embeddable":true,"href":"https:\/\/alzira.es\/es\/wp-json\/wp\/v2\/tags?post=36184"}],"curies":[{"name":"wp","href":"https:\/\/api.w.org\/{rel}","templated":true}]}}