{"id":36182,"date":"2018-11-22T15:00:07","date_gmt":"2018-11-22T14:00:07","guid":{"rendered":"https:\/\/alzira.es\/idea-recibe-una-nueva-subvencion-de-163-000-euros-para-cursos-de-fp\/"},"modified":"2018-11-22T15:00:07","modified_gmt":"2018-11-22T14:00:07","slug":"idea-recibe-una-nueva-subvencion-de-163-000-euros-para-cursos-de-fp","status":"publish","type":"post","link":"https:\/\/alzira.es\/es\/idea-recibe-una-nueva-subvencion-de-163-000-euros-para-cursos-de-fp\/","title":{"rendered":"IDEA recibe una nueva subvenci\u00f3n de 163.000 euros para cursos de FP"},"content":{"rendered":"<p style=\"text-align: justify;\"><strong><a href=\"https:\/\/alzira.es\/wp-content\/uploads\/2018\/11\/34838334_1733742850039213_2528234908267053056_o.jpg\" target=\"_blank\" rel=\"noopener\"><img fetchpriority=\"high\" decoding=\"async\" class=\" alignleft size-full wp-image-36179\" style=\"margin-right: 10px; float: left;\" title=\"IDEA recibe una nueva subvenci\u00f3n de 163.000 euros para cursos de FP\" src=\"https:\/\/alzira.es\/wp-content\/uploads\/2018\/11\/34838334_1733742850039213_2528234908267053056_o.jpg\" alt=\"34838334 1733742850039213 2528234908267053056 o\" width=\"600\" height=\"400\" srcset=\"https:\/\/alzira.es\/wp-content\/uploads\/2018\/11\/34838334_1733742850039213_2528234908267053056_o.jpg 1944w, https:\/\/alzira.es\/wp-content\/uploads\/2018\/11\/34838334_1733742850039213_2528234908267053056_o-680x453.jpg 680w, https:\/\/alzira.es\/wp-content\/uploads\/2018\/11\/34838334_1733742850039213_2528234908267053056_o-1430x953.jpg 1430w, https:\/\/alzira.es\/wp-content\/uploads\/2018\/11\/34838334_1733742850039213_2528234908267053056_o-768x512.jpg 768w, https:\/\/alzira.es\/wp-content\/uploads\/2018\/11\/34838334_1733742850039213_2528234908267053056_o-1536x1024.jpg 1536w\" sizes=\"(max-width: 600px) 100vw, 600px\" \/><\/a>Alzira, 22 de noviembre de 2018.<\/strong> La Conseller\u00eda de Econom\u00eda Sostenible, Sectores productivos, Comercio y Trabajo, ha aprobado una subvenci\u00f3n de 163.000 euros para la puesta en marcha de cursos de formaci\u00f3n profesional para el empleo en la modalidad \u00abFormaci\u00f3 per a la inserci\u00f3\u00bb en 10 especialidades diferentes entre las que destaca: servicios de bar y cafeter\u00eda (71.706 euros); instalaci\u00f3n y mantenimiento de jardines y zonas verdes (38.556 euros); Ingl\u00e9s B1 (17.976 euros); y operaciones b\u00e1sicas de restaurante y bar (34.800 euros).<\/p>\n<p style=\"text-align: justify;\">El objetivo de estas acciones formativas es proporcionar al alumnado una cualificaci\u00f3n profesional apta para llevar a cabo la ocupaci\u00f3n referida en las especialidades citadas para facilitarles una mejor inserci\u00f3n en el mercado laboral. El n\u00famero de alumnos seleccionados para cada curso ser\u00e1 de 15 y el periodo de inscripci\u00f3n ya ha comenzado.<\/p>\n<p style=\"text-align: justify;\">Iv\u00e1n Mart\u00ednez, concejal de Trabajo, Desarrollo Econ\u00f3mico y Proyectos Europeos destac\u00f3 que \u00abdesde el Ayuntamiento ya hemos puesto en funcionamiento varios cursos de formaci\u00f3n, con el fin de dotar a las personas paradas de m\u00e1s recursos en el \u00e1mbito laboral. Al mismo tiempo, tambi\u00e9n se est\u00e1 realizando un esfuerzo para aprovechar instalaciones municipales como el restaurante del Respirall con el curso de camarero y hosteler\u00eda o con convenios con el sector privado como el curso de formaci\u00f3n en reparaci\u00f3n y mec\u00e1nica de camiones con la empresa AUTAL \u00bb.<\/p>\n<p style=\"text-align: justify;\">M\u00e1s informaci\u00f3n y bases, pr\u00f3ximamente, en la web <span style=\"color: #0000ff;\">https:\/\/www.idea-alzira.com\/<\/span><\/p>\n","protected":false},"excerpt":{"rendered":"<p>Alzira, 22 de noviembre de 2018. La Conseller\u00eda de Econom\u00eda Sostenible, Sectores productivos, Comercio y Trabajo, ha aprobado una subvenci\u00f3n de 163.000 euros para la puesta en marcha de cursos de formaci\u00f3n profesional para el empleo en la modalidad \u00abFormaci\u00f3 per a la inserci\u00f3\u00bb en 10 especialidades diferentes entre las que destaca: servicios de bar &hellip; <\/p>\n<p class=\"link-more\"><a href=\"https:\/\/alzira.es\/es\/idea-recibe-una-nueva-subvencion-de-163-000-euros-para-cursos-de-fp\/\" class=\"more-link\">Continuar leyendo<span class=\"screen-reader-text\"> \u00abIDEA recibe una nueva subvenci\u00f3n de 163.000 euros para cursos de FP\u00bb<\/span><\/a><\/p>\n","protected":false},"author":12,"featured_media":36179,"comment_status":"","ping_status":"","sticky":false,"template":"","format":"standard","meta":{"_acf_changed":false,"footnotes":""},"categories":[4936],"tags":[],"class_list":["post-36182","post","type-post","status-publish","format-standard","has-post-thumbnail","hentry","category-hemeroteca-es"],"acf":[],"_links":{"self":[{"href":"https:\/\/alzira.es\/es\/wp-json\/wp\/v2\/posts\/36182","targetHints":{"allow":["GET"]}}],"collection":[{"href":"https:\/\/alzira.es\/es\/wp-json\/wp\/v2\/posts"}],"about":[{"href":"https:\/\/alzira.es\/es\/wp-json\/wp\/v2\/types\/post"}],"author":[{"embeddable":true,"href":"https:\/\/alzira.es\/es\/wp-json\/wp\/v2\/users\/12"}],"replies":[{"embeddable":true,"href":"https:\/\/alzira.es\/es\/wp-json\/wp\/v2\/comments?post=36182"}],"version-history":[{"count":0,"href":"https:\/\/alzira.es\/es\/wp-json\/wp\/v2\/posts\/36182\/revisions"}],"wp:featuredmedia":[{"embeddable":true,"href":"https:\/\/alzira.es\/es\/wp-json\/wp\/v2\/media\/36179"}],"wp:attachment":[{"href":"https:\/\/alzira.es\/es\/wp-json\/wp\/v2\/media?parent=36182"}],"wp:term":[{"taxonomy":"category","embeddable":true,"href":"https:\/\/alzira.es\/es\/wp-json\/wp\/v2\/categories?post=36182"},{"taxonomy":"post_tag","embeddable":true,"href":"https:\/\/alzira.es\/es\/wp-json\/wp\/v2\/tags?post=36182"}],"curies":[{"name":"wp","href":"https:\/\/api.w.org\/{rel}","templated":true}]}}