{"id":36177,"date":"2018-11-22T14:51:25","date_gmt":"2018-11-22T13:51:25","guid":{"rendered":"https:\/\/alzira.es\/l-ajuntament-d-alzira-amplia-el-termini-de-presentacio-de-danys-a-la-clau-ocasionats-per-les-ultimes-pluges\/"},"modified":"2018-11-22T14:51:25","modified_gmt":"2018-11-22T13:51:25","slug":"l-ajuntament-d-alzira-amplia-el-termini-de-presentacio-de-danys-a-la-clau-ocasionats-per-les-ultimes-pluges","status":"publish","type":"post","link":"https:\/\/alzira.es\/es\/l-ajuntament-d-alzira-amplia-el-termini-de-presentacio-de-danys-a-la-clau-ocasionats-per-les-ultimes-pluges\/","title":{"rendered":"L\u2019Ajuntament d\u2019Alzira amplia el termini de presentaci\u00f3 de danys, a la Clau,  ocasionats per les ultimes pluges"},"content":{"rendered":"<p style=\"text-align: justify;\"><strong><a href=\"https:\/\/alzira.es\/wp-content\/uploads\/2018\/11\/PANTALLA_CLAU_pluja_clau-01.jpg\" target=\"_blank\" rel=\"noopener\"><img fetchpriority=\"high\" decoding=\"async\" class=\" alignleft size-full wp-image-36175\" style=\"margin-right: 10px; float: left;\" title=\"L\u2019Ajuntament d\u2019Alzira amplia el termini de presentaci\u00f3 de danys, a la Clau,  ocasionats per les ultimes pluges\" src=\"https:\/\/alzira.es\/wp-content\/uploads\/2018\/11\/PANTALLA_CLAU_pluja_clau-01.jpg\" alt=\"PANTALLA CLAU pluja clau-01\" width=\"600\" height=\"338\" srcset=\"https:\/\/alzira.es\/wp-content\/uploads\/2018\/11\/PANTALLA_CLAU_pluja_clau-01.jpg 1920w, https:\/\/alzira.es\/wp-content\/uploads\/2018\/11\/PANTALLA_CLAU_pluja_clau-01-680x383.jpg 680w, https:\/\/alzira.es\/wp-content\/uploads\/2018\/11\/PANTALLA_CLAU_pluja_clau-01-1430x804.jpg 1430w, https:\/\/alzira.es\/wp-content\/uploads\/2018\/11\/PANTALLA_CLAU_pluja_clau-01-768x432.jpg 768w, https:\/\/alzira.es\/wp-content\/uploads\/2018\/11\/PANTALLA_CLAU_pluja_clau-01-1536x864.jpg 1536w\" sizes=\"(max-width: 600px) 100vw, 600px\" \/><\/a>Alzira, 22 de novembre de 2018 \u2013<\/strong> Despr\u00e9s d&#8217;elaborar un primer informe de danys ocasionats per les inundacions del passat divendres 16 de novembre, l&#8217;Ajuntament d&#8217;Alzira ha ampliat el termini de presentaci\u00f3 de sol\u2022licituds, fins el divendres 30 de novembre, per tal de facilitar tant a la ciutadan\u00eda, com a empreses i comer\u00e7os, associacions i espais p\u00fablics les gestions per presentar la seua documentaci\u00f3.<\/p>\n<p style=\"text-align: justify;\">Recordem que este servei especial, habilitat per a esta ocasi\u00f3, a les oficines de la Clau t\u00e9 com a finalitat comptar amb la informaci\u00f3 m\u00e9s detallada possible de cara a l&#8217;elaboraci\u00f3 la mem\u00f2ria avaluadora. A m\u00e9s, els ciutadans tamb\u00e9 podran fer un tr\u00e0mit per a sol\u2022licitar ajuda dels Serveis Municipals per a la retirada d&#8217;objectes afectats o neteja.<\/p>\n<p style=\"text-align: justify;\">L&#8217;Ajuntament tamb\u00e9 vol recordar als ve\u00efns dels barris de les Basses, l&#8217;Alquen\u00e8ncia i Ven\u00e8cia-Pere Cresp\u00ed que acudisquen a les oficines de la Clau per tal de fer el tr\u00e0mit \u00abPluges novembre 2018, comunicaci\u00f3 de danys\u00bb. Estos dos tr\u00e0mits tamb\u00e9 estaran disponibles a la seu electr\u00f2nica per a poder fer la comunicaci\u00f3 Online, sense haver d&#8217;assistir presencialment a la Clau.<\/p>\n","protected":false},"excerpt":{"rendered":"<p>Alzira, 22 de novembre de 2018 \u2013 Despr\u00e9s d&#8217;elaborar un primer informe de danys ocasionats per les inundacions del passat divendres 16 de novembre, l&#8217;Ajuntament d&#8217;Alzira ha ampliat el termini de presentaci\u00f3 de sol\u2022licituds, fins el divendres 30 de novembre, per tal de facilitar tant a la ciutadan\u00eda, com a empreses i comer\u00e7os, associacions i &hellip; <\/p>\n<p class=\"link-more\"><a href=\"https:\/\/alzira.es\/es\/l-ajuntament-d-alzira-amplia-el-termini-de-presentacio-de-danys-a-la-clau-ocasionats-per-les-ultimes-pluges\/\" class=\"more-link\">Continuar leyendo<span class=\"screen-reader-text\"> \u00abL\u2019Ajuntament d\u2019Alzira amplia el termini de presentaci\u00f3 de danys, a la Clau,  ocasionats per les ultimes pluges\u00bb<\/span><\/a><\/p>\n","protected":false},"author":12,"featured_media":36175,"comment_status":"","ping_status":"","sticky":false,"template":"","format":"standard","meta":{"_acf_changed":false,"footnotes":""},"categories":[],"tags":[],"class_list":["post-36177","post","type-post","status-publish","format-standard","has-post-thumbnail","hentry"],"acf":[],"_links":{"self":[{"href":"https:\/\/alzira.es\/es\/wp-json\/wp\/v2\/posts\/36177","targetHints":{"allow":["GET"]}}],"collection":[{"href":"https:\/\/alzira.es\/es\/wp-json\/wp\/v2\/posts"}],"about":[{"href":"https:\/\/alzira.es\/es\/wp-json\/wp\/v2\/types\/post"}],"author":[{"embeddable":true,"href":"https:\/\/alzira.es\/es\/wp-json\/wp\/v2\/users\/12"}],"replies":[{"embeddable":true,"href":"https:\/\/alzira.es\/es\/wp-json\/wp\/v2\/comments?post=36177"}],"version-history":[{"count":0,"href":"https:\/\/alzira.es\/es\/wp-json\/wp\/v2\/posts\/36177\/revisions"}],"wp:featuredmedia":[{"embeddable":true,"href":"https:\/\/alzira.es\/es\/wp-json\/wp\/v2\/media\/36175"}],"wp:attachment":[{"href":"https:\/\/alzira.es\/es\/wp-json\/wp\/v2\/media?parent=36177"}],"wp:term":[{"taxonomy":"category","embeddable":true,"href":"https:\/\/alzira.es\/es\/wp-json\/wp\/v2\/categories?post=36177"},{"taxonomy":"post_tag","embeddable":true,"href":"https:\/\/alzira.es\/es\/wp-json\/wp\/v2\/tags?post=36177"}],"curies":[{"name":"wp","href":"https:\/\/api.w.org\/{rel}","templated":true}]}}