{"id":36172,"date":"2018-11-22T14:51:25","date_gmt":"2018-11-22T13:51:25","guid":{"rendered":"https:\/\/alzira.es\/el-ayuntamiento-de-alzira-amplia-el-plazo-de-presentacion-de-danos-a-la-clau-ocasionados-por-las-ultimas-lluvias\/"},"modified":"2018-11-22T14:51:25","modified_gmt":"2018-11-22T13:51:25","slug":"el-ayuntamiento-de-alzira-amplia-el-plazo-de-presentacion-de-danos-a-la-clau-ocasionados-por-las-ultimas-lluvias","status":"publish","type":"post","link":"https:\/\/alzira.es\/es\/el-ayuntamiento-de-alzira-amplia-el-plazo-de-presentacion-de-danos-a-la-clau-ocasionados-por-las-ultimas-lluvias\/","title":{"rendered":"El Ayuntamiento de Alzira ampl\u00eda el plazo de presentaci\u00f3n de da\u00f1os, a la Clau, ocasionados por las \u00faltimas lluvias"},"content":{"rendered":"<p style=\"text-align: justify;\"><strong><a href=\"https:\/\/alzira.es\/wp-content\/uploads\/2018\/11\/PANTALLA_CLAU_pluja_clau-02.jpg\" target=\"_blank\" rel=\"noopener\"><img fetchpriority=\"high\" decoding=\"async\" class=\" alignleft size-full wp-image-36169\" style=\"margin-right: 10px; float: left;\" title=\"El Ayuntamiento de Alzira ampl\u00eda el plazo de presentaci\u00f3n de da\u00f1os, a la Clau, ocasionados por las \u00faltimas lluvias\" src=\"https:\/\/alzira.es\/wp-content\/uploads\/2018\/11\/PANTALLA_CLAU_pluja_clau-02.jpg\" alt=\"PANTALLA CLAU pluja clau-02\" width=\"600\" height=\"338\" srcset=\"https:\/\/alzira.es\/wp-content\/uploads\/2018\/11\/PANTALLA_CLAU_pluja_clau-02.jpg 1921w, https:\/\/alzira.es\/wp-content\/uploads\/2018\/11\/PANTALLA_CLAU_pluja_clau-02-680x383.jpg 680w, https:\/\/alzira.es\/wp-content\/uploads\/2018\/11\/PANTALLA_CLAU_pluja_clau-02-1430x805.jpg 1430w, https:\/\/alzira.es\/wp-content\/uploads\/2018\/11\/PANTALLA_CLAU_pluja_clau-02-768x432.jpg 768w, https:\/\/alzira.es\/wp-content\/uploads\/2018\/11\/PANTALLA_CLAU_pluja_clau-02-1536x864.jpg 1536w\" sizes=\"(max-width: 600px) 100vw, 600px\" \/><\/a>Alzira, 22 de noviembre de 2018 &#8211;<\/strong> Despu\u00e9s de elaborar un primer informe de da\u00f1os ocasionados por las inundaciones del pasado viernes 16 de noviembre, el Ayuntamiento de Alzira ha ampliado el plazo de presentaci\u00f3n de solicitudes, hasta el viernes 30 de noviembre, con el fin de facilitar tanto a la ciudadan\u00eda, como&nbsp; aempresas y comercios, asociaciones y espacios p\u00fablicos las gestiones para presentar su documentaci\u00f3n.<\/p>\n<p style=\"text-align: justify;\">Recordamos que este servicio especial habilitado para esta ocasi\u00f3n en las oficinas de la Clau, tiene como finalidad contar con la informaci\u00f3n m\u00e1s detallada posible de cara a la elaboraci\u00f3n de la memoria evaluadora. Adem\u00e1s, los ciudadanos tambi\u00e9n podr\u00e1n hacer un tr\u00e1mite para solicitar ayuda de los servicios municipales para la retirada de objetos afectados o limpieza.<\/p>\n<p style=\"text-align: justify;\">El Ayuntamiento tambi\u00e9n quiere recordar a los vecinos de los barrios de les Basses, la Alquenencia y Venecia-Pere Cresp\u00ed que acudan a las oficinas de la Clau para hacer el tr\u00e1mite Pluges novembre 2018, comunicaci\u00f3 de danys. Estos dos tr\u00e1mites tambi\u00e9n estar\u00e1n disponibles en la sede electr\u00f3nica para poder hacer la comunicaci\u00f3n Online, sin tener que asistir presencialmente a la Clau.<\/p>\n","protected":false},"excerpt":{"rendered":"<p>Alzira, 22 de noviembre de 2018 &#8211; Despu\u00e9s de elaborar un primer informe de da\u00f1os ocasionados por las inundaciones del pasado viernes 16 de noviembre, el Ayuntamiento de Alzira ha ampliado el plazo de presentaci\u00f3n de solicitudes, hasta el viernes 30 de noviembre, con el fin de facilitar tanto a la ciudadan\u00eda, como&nbsp; aempresas y &hellip; <\/p>\n<p class=\"link-more\"><a href=\"https:\/\/alzira.es\/es\/el-ayuntamiento-de-alzira-amplia-el-plazo-de-presentacion-de-danos-a-la-clau-ocasionados-por-las-ultimas-lluvias\/\" class=\"more-link\">Continuar leyendo<span class=\"screen-reader-text\"> \u00abEl Ayuntamiento de Alzira ampl\u00eda el plazo de presentaci\u00f3n de da\u00f1os, a la Clau, ocasionados por las \u00faltimas lluvias\u00bb<\/span><\/a><\/p>\n","protected":false},"author":12,"featured_media":36170,"comment_status":"","ping_status":"","sticky":false,"template":"","format":"standard","meta":{"_acf_changed":false,"footnotes":""},"categories":[4936],"tags":[],"class_list":["post-36172","post","type-post","status-publish","format-standard","has-post-thumbnail","hentry","category-hemeroteca-es"],"acf":[],"_links":{"self":[{"href":"https:\/\/alzira.es\/es\/wp-json\/wp\/v2\/posts\/36172","targetHints":{"allow":["GET"]}}],"collection":[{"href":"https:\/\/alzira.es\/es\/wp-json\/wp\/v2\/posts"}],"about":[{"href":"https:\/\/alzira.es\/es\/wp-json\/wp\/v2\/types\/post"}],"author":[{"embeddable":true,"href":"https:\/\/alzira.es\/es\/wp-json\/wp\/v2\/users\/12"}],"replies":[{"embeddable":true,"href":"https:\/\/alzira.es\/es\/wp-json\/wp\/v2\/comments?post=36172"}],"version-history":[{"count":0,"href":"https:\/\/alzira.es\/es\/wp-json\/wp\/v2\/posts\/36172\/revisions"}],"wp:featuredmedia":[{"embeddable":true,"href":"https:\/\/alzira.es\/es\/wp-json\/wp\/v2\/media\/36170"}],"wp:attachment":[{"href":"https:\/\/alzira.es\/es\/wp-json\/wp\/v2\/media?parent=36172"}],"wp:term":[{"taxonomy":"category","embeddable":true,"href":"https:\/\/alzira.es\/es\/wp-json\/wp\/v2\/categories?post=36172"},{"taxonomy":"post_tag","embeddable":true,"href":"https:\/\/alzira.es\/es\/wp-json\/wp\/v2\/tags?post=36172"}],"curies":[{"name":"wp","href":"https:\/\/api.w.org\/{rel}","templated":true}]}}