{"id":36167,"date":"2018-11-22T14:44:57","date_gmt":"2018-11-22T13:44:57","guid":{"rendered":"https:\/\/alzira.es\/la-confederacio-hidrografica-del-xuquer-es-compromet-a-realitzar-el-manteniment-del-barranc-de-la-casella-abans-que-s-acabe-2018\/"},"modified":"2018-11-22T14:44:57","modified_gmt":"2018-11-22T13:44:57","slug":"la-confederacio-hidrografica-del-xuquer-es-compromet-a-realitzar-el-manteniment-del-barranc-de-la-casella-abans-que-s-acabe-2018","status":"publish","type":"post","link":"https:\/\/alzira.es\/es\/la-confederacio-hidrografica-del-xuquer-es-compromet-a-realitzar-el-manteniment-del-barranc-de-la-casella-abans-que-s-acabe-2018\/","title":{"rendered":"La Confederaci\u00f3 Hidrogr\u00e0fica del X\u00faquer es compromet a realitzar el manteniment del barranc de la Casella abans que s\u2019acabe 2018"},"content":{"rendered":"<p style=\"text-align: justify;\"><strong><a href=\"https:\/\/alzira.es\/wp-content\/uploads\/2018\/11\/Reunio_CHX.jpg\" target=\"_blank\" rel=\"noopener\"><img fetchpriority=\"high\" decoding=\"async\" class=\" alignleft size-full wp-image-36163\" style=\"margin-right: 10px; float: left;\" title=\"La Confederaci\u00f3 Hidrogr\u00e0fica del X\u00faquer es compromet a realitzar el manteniment del barranc de la Casella abans que s\u2019acabe 2018\" src=\"https:\/\/alzira.es\/wp-content\/uploads\/2018\/11\/Reunio_CHX.jpg\" alt=\"Reuni\u00f3 CHX\" width=\"600\" height=\"338\" srcset=\"https:\/\/alzira.es\/wp-content\/uploads\/2018\/11\/Reunio_CHX.jpg 1200w, https:\/\/alzira.es\/wp-content\/uploads\/2018\/11\/Reunio_CHX-680x383.jpg 680w, https:\/\/alzira.es\/wp-content\/uploads\/2018\/11\/Reunio_CHX-768x432.jpg 768w\" sizes=\"(max-width: 600px) 100vw, 600px\" \/><\/a>Alzira, 22 de novembre de 2018.-<\/strong> Depr\u00e9s de la intermediaci\u00f3 de la Delegaci\u00f3 del Govern per tal de propiciar una reuni\u00f3 amb la Confederaci\u00f3 Hidrogr\u00e0fica del X\u00faquer, el seu president, Manuel Alcalde, ha rebut hui l&#8217;alcalde d&#8217;Alzira, Diego G\u00f3mez, acompanyat pel tinent d&#8217;alcalde i regidor de Gesti\u00f3 Urban\u00edstica, Fernando Pascual; i pel regidor d&#8217;Agricultura i Medi Ambient, Pep Carreres.<\/p>\n<p style=\"text-align: justify;\">Des de l&#8217;Ajuntament s&#8217;ha sol\u2022licitat la possibilitat d&#8217;escometre el m\u00e9s prompte possible la segona fase del canal obert de les Basses, que consistiria en la creaci\u00f3 d&#8217;un interceptor que actuar\u00e0 com a receptor de totes les aig\u00fces provinents dels barrancs: Respirall, Fosc, Garc\u00eda Mar\u00eda i Cam\u00ed de l&#8217;Arena. Este projecte cal estudiar-lo junt amb la Direcci\u00f3 General de l&#8217;Aigua de la Conselleria d&#8217;Agricultura, Medi Ambient, Canvi Clim\u00e0tic i Desenvolupament Rural per tal que puga portar-se a terme. Per tant, els t\u00e8cnics s\u00f3n els que deuran redactar el projecte perqu\u00e8 entre en fase d&#8217;estudi i adjudicaci\u00f3 i poder-lo fer realitat com m\u00e9s prompte millor.<\/p>\n<p style=\"text-align: justify;\">Una altra reivindicaci\u00f3 urgent ha estat l&#8217;adequaci\u00f3 del barranc de la Casella, des del canal fins al barranc del Barxeta. Esta actuaci\u00f3 podr\u00e0 realitzar-se abans que acabe l&#8217;any, segons l&#8217;acord que ha adquirit el president de la Confederaci\u00f3 amb els representants municipals. Immediatament tindr\u00e0 lloc la reuni\u00f3 entre t\u00e8cnics de la Confederaci\u00f3 i l&#8217;Ajuntament per tal que s&#8217;inicie la neteja i adequaci\u00f3 d&#8217;este tram de barranc.<\/p>\n<p style=\"text-align: justify;\">El president ha traslladat al membres del govern alzireny que hi ha des del 2014 un Pla de Risc d&#8217;Inundacions amb les actuacions contemplades per a Alzira. Esta q\u00fcesti\u00f3 era totalment desconeguda fins ara, ja que no s&#8217;havia aconseguit que l&#8217;anterior presidenta de la Confederaci\u00f3 haguera rebut l&#8217;alcalde. D&#8217;esta manera, ara cal assabentar-se del que contempla este Pla per a la nostra ciutat, ja que hi ha la possibilitat de presentar al\u2022legacions fins a gener del 2019.<\/p>\n<p style=\"text-align: justify;\">Per \u00faltim, cal destacar que tamb\u00e9 s&#8217;ha sol\u2022licitat la realitzaci\u00f3 d&#8217;un estudi t\u00e8cnic que permeta acabar amb el coll de botella que presenta el barranc de la Casella a l&#8217;altura del pont de X\u00e0tiva, aix\u00ed com vore la possible execuci\u00f3 del tram d&#8217;incorporaci\u00f3 del Barxeta a la Casella.<\/p>\n<p style=\"text-align: justify;\">&nbsp;<\/p>\n","protected":false},"excerpt":{"rendered":"<p>Alzira, 22 de novembre de 2018.- Depr\u00e9s de la intermediaci\u00f3 de la Delegaci\u00f3 del Govern per tal de propiciar una reuni\u00f3 amb la Confederaci\u00f3 Hidrogr\u00e0fica del X\u00faquer, el seu president, Manuel Alcalde, ha rebut hui l&#8217;alcalde d&#8217;Alzira, Diego G\u00f3mez, acompanyat pel tinent d&#8217;alcalde i regidor de Gesti\u00f3 Urban\u00edstica, Fernando Pascual; i pel regidor d&#8217;Agricultura i &hellip; <\/p>\n<p class=\"link-more\"><a href=\"https:\/\/alzira.es\/es\/la-confederacio-hidrografica-del-xuquer-es-compromet-a-realitzar-el-manteniment-del-barranc-de-la-casella-abans-que-s-acabe-2018\/\" class=\"more-link\">Continuar leyendo<span class=\"screen-reader-text\"> \u00abLa Confederaci\u00f3 Hidrogr\u00e0fica del X\u00faquer es compromet a realitzar el manteniment del barranc de la Casella abans que s\u2019acabe 2018\u00bb<\/span><\/a><\/p>\n","protected":false},"author":12,"featured_media":36163,"comment_status":"","ping_status":"","sticky":false,"template":"","format":"standard","meta":{"_acf_changed":false,"footnotes":""},"categories":[],"tags":[],"class_list":["post-36167","post","type-post","status-publish","format-standard","has-post-thumbnail","hentry"],"acf":[],"_links":{"self":[{"href":"https:\/\/alzira.es\/es\/wp-json\/wp\/v2\/posts\/36167","targetHints":{"allow":["GET"]}}],"collection":[{"href":"https:\/\/alzira.es\/es\/wp-json\/wp\/v2\/posts"}],"about":[{"href":"https:\/\/alzira.es\/es\/wp-json\/wp\/v2\/types\/post"}],"author":[{"embeddable":true,"href":"https:\/\/alzira.es\/es\/wp-json\/wp\/v2\/users\/12"}],"replies":[{"embeddable":true,"href":"https:\/\/alzira.es\/es\/wp-json\/wp\/v2\/comments?post=36167"}],"version-history":[{"count":0,"href":"https:\/\/alzira.es\/es\/wp-json\/wp\/v2\/posts\/36167\/revisions"}],"wp:featuredmedia":[{"embeddable":true,"href":"https:\/\/alzira.es\/es\/wp-json\/wp\/v2\/media\/36163"}],"wp:attachment":[{"href":"https:\/\/alzira.es\/es\/wp-json\/wp\/v2\/media?parent=36167"}],"wp:term":[{"taxonomy":"category","embeddable":true,"href":"https:\/\/alzira.es\/es\/wp-json\/wp\/v2\/categories?post=36167"},{"taxonomy":"post_tag","embeddable":true,"href":"https:\/\/alzira.es\/es\/wp-json\/wp\/v2\/tags?post=36167"}],"curies":[{"name":"wp","href":"https:\/\/api.w.org\/{rel}","templated":true}]}}