{"id":36165,"date":"2018-11-22T14:44:57","date_gmt":"2018-11-22T13:44:57","guid":{"rendered":"https:\/\/alzira.es\/la-confederacion-hidrografica-del-xuquer-se-compromete-a-realizar-el-mantenimiento-del-barranco-de-la-casella-antes-de-que-acabe-2018\/"},"modified":"2018-11-22T14:44:57","modified_gmt":"2018-11-22T13:44:57","slug":"la-confederacion-hidrografica-del-xuquer-se-compromete-a-realizar-el-mantenimiento-del-barranco-de-la-casella-antes-de-que-acabe-2018","status":"publish","type":"post","link":"https:\/\/alzira.es\/es\/la-confederacion-hidrografica-del-xuquer-se-compromete-a-realizar-el-mantenimiento-del-barranco-de-la-casella-antes-de-que-acabe-2018\/","title":{"rendered":"La Confederaci\u00f3n Hidrogr\u00e1fica del X\u00faquer se compromete a realizar el mantenimiento del barranco de la Casella antes de que acabe 2018"},"content":{"rendered":"<p style=\"text-align: justify;\"><strong><a href=\"https:\/\/alzira.es\/wp-content\/uploads\/2018\/11\/Reunio_CHX.jpg\" target=\"_blank\" rel=\"noopener\"><img fetchpriority=\"high\" decoding=\"async\" class=\" alignleft size-full wp-image-36163\" style=\"margin-right: 10px; float: left;\" title=\"La Confederaci\u00f3n Hidrogr\u00e1fica del X\u00faquer se compromete a realizar el mantenimiento del barranco de la Casella antes de que acabe 2018\" src=\"https:\/\/alzira.es\/wp-content\/uploads\/2018\/11\/Reunio_CHX.jpg\" alt=\"Reuni\u00f3 CHX\" width=\"600\" height=\"338\" srcset=\"https:\/\/alzira.es\/wp-content\/uploads\/2018\/11\/Reunio_CHX.jpg 1200w, https:\/\/alzira.es\/wp-content\/uploads\/2018\/11\/Reunio_CHX-680x383.jpg 680w, https:\/\/alzira.es\/wp-content\/uploads\/2018\/11\/Reunio_CHX-768x432.jpg 768w\" sizes=\"(max-width: 600px) 100vw, 600px\" \/><\/a>Alzira, 22 de noviembre de 2018.-<\/strong> Depu\u00e9s de la intermediaci\u00f3n de la Delegaci\u00f3n del Gobierno para propiciar una reuni\u00f3n con la Confederaci\u00f3n Hidrogr\u00e1fica del X\u00faquer, su presidente, Manuel Alcalde; recibi\u00f3 hoy al alcalde de Alzira, Diego G\u00f3mez; acompa\u00f1ado por el teniente de alcalde y concejal de Gesti\u00f3n Urban\u00edstica, Fernando Pascual; y por el concejal de Agricultura y Medio Ambiente, Pep Carreras.<\/p>\n<p style=\"text-align: justify;\">Desde el Ayuntamiento se ha solicitado la posibilidad de acometer cuanto antes la segunda fase del canal abierto de les Basses, que consistir\u00eda en la creaci\u00f3n de un interceptor que actuar\u00e1 como receptor de todas las aguas provenientes de los barrancos: Respirall, Fosc, Garc\u00eda Mar\u00eda y Cam\u00ed de l&#8217;Arena. Este proyecto hay que estudiarlo junto con la Direcci\u00f3n General del Agua de la Conseller\u00eda de Agricultura, Medio Ambiente, Cambio Clim\u00e1tico y Desarrollo Rural para que pueda llevarse a cabo. Por lo tanto, los t\u00e9cnicos son los que deber\u00e1n redactar el proyecto para que entre en fase de estudio y adjudicaci\u00f3n y poder hacerlo realidad cuanto antes.<\/p>\n<p style=\"text-align: justify;\">Otra reivindicaci\u00f3n urgente ha sido la adecuaci\u00f3n del barranco de la Casella, desde el canal hasta el barranco de la Barxeta. Esta actuaci\u00f3n podr\u00e1 realizarse antes de que acabe el a\u00f1o, seg\u00fan el acuerdo que ha adquirido el presidente de la Confederaci\u00f3n con los representantes municipales. Inmediatamente tendr\u00e1 lugar la reuni\u00f3n entre t\u00e9cnicos de la Confederaci\u00f3n y el Ayuntamiento para que se inicie la limpieza y adecuaci\u00f3n de este tramo del barranco.<\/p>\n<p style=\"text-align: justify;\">El presidente ha trasladado al miembros del gobierno alzire\u00f1o que hay desde 2014 un Plan de Riesgo de Inundaciones con las actuaciones contempladas para Alzira. Esta cuesti\u00f3n era totalmente desconocida hasta ahora, ya que no se hab\u00eda conseguido que la anterior presidenta de la Confederaci\u00f3n hubiera recibido al alcalde. De este modo, ahora hay que enterarse de lo que contempla este Plan para nuestra ciudad, ya que existe la posibilidad de presentar alegaciones hasta enero del 2019.<\/p>\n<p style=\"text-align: justify;\">Por \u00faltimo, cabe destacar que tambi\u00e9n se ha solicitado la realizaci\u00f3n de un estudio t\u00e9cnico que permita acabar con el cuello de botella que presenta el barranco de la Casella a la altura del puente de X\u00e0tiva, as\u00ed como ver la posible ejecuci\u00f3n del tramo de incorporaci\u00f3n del Barxeta a la Casella.<\/p>\n","protected":false},"excerpt":{"rendered":"<p>Alzira, 22 de noviembre de 2018.- Depu\u00e9s de la intermediaci\u00f3n de la Delegaci\u00f3n del Gobierno para propiciar una reuni\u00f3n con la Confederaci\u00f3n Hidrogr\u00e1fica del X\u00faquer, su presidente, Manuel Alcalde; recibi\u00f3 hoy al alcalde de Alzira, Diego G\u00f3mez; acompa\u00f1ado por el teniente de alcalde y concejal de Gesti\u00f3n Urban\u00edstica, Fernando Pascual; y por el concejal de &hellip; <\/p>\n<p class=\"link-more\"><a href=\"https:\/\/alzira.es\/es\/la-confederacion-hidrografica-del-xuquer-se-compromete-a-realizar-el-mantenimiento-del-barranco-de-la-casella-antes-de-que-acabe-2018\/\" class=\"more-link\">Continuar leyendo<span class=\"screen-reader-text\"> \u00abLa Confederaci\u00f3n Hidrogr\u00e1fica del X\u00faquer se compromete a realizar el mantenimiento del barranco de la Casella antes de que acabe 2018\u00bb<\/span><\/a><\/p>\n","protected":false},"author":12,"featured_media":36163,"comment_status":"","ping_status":"","sticky":false,"template":"","format":"standard","meta":{"_acf_changed":false,"footnotes":""},"categories":[4936],"tags":[],"class_list":["post-36165","post","type-post","status-publish","format-standard","has-post-thumbnail","hentry","category-hemeroteca-es"],"acf":[],"_links":{"self":[{"href":"https:\/\/alzira.es\/es\/wp-json\/wp\/v2\/posts\/36165","targetHints":{"allow":["GET"]}}],"collection":[{"href":"https:\/\/alzira.es\/es\/wp-json\/wp\/v2\/posts"}],"about":[{"href":"https:\/\/alzira.es\/es\/wp-json\/wp\/v2\/types\/post"}],"author":[{"embeddable":true,"href":"https:\/\/alzira.es\/es\/wp-json\/wp\/v2\/users\/12"}],"replies":[{"embeddable":true,"href":"https:\/\/alzira.es\/es\/wp-json\/wp\/v2\/comments?post=36165"}],"version-history":[{"count":0,"href":"https:\/\/alzira.es\/es\/wp-json\/wp\/v2\/posts\/36165\/revisions"}],"wp:featuredmedia":[{"embeddable":true,"href":"https:\/\/alzira.es\/es\/wp-json\/wp\/v2\/media\/36163"}],"wp:attachment":[{"href":"https:\/\/alzira.es\/es\/wp-json\/wp\/v2\/media?parent=36165"}],"wp:term":[{"taxonomy":"category","embeddable":true,"href":"https:\/\/alzira.es\/es\/wp-json\/wp\/v2\/categories?post=36165"},{"taxonomy":"post_tag","embeddable":true,"href":"https:\/\/alzira.es\/es\/wp-json\/wp\/v2\/tags?post=36165"}],"curies":[{"name":"wp","href":"https:\/\/api.w.org\/{rel}","templated":true}]}}