{"id":36155,"date":"2018-11-22T12:33:10","date_gmt":"2018-11-22T11:33:10","guid":{"rendered":"https:\/\/alzira.es\/alzira-sol-licitara-a-la-conselleria-d-educacio-investigacio-cultura-i-esports-de-la-generalitat-valenciana-la-immediata-intervencio-en-les-ruines-del-monestir-de-la-murta\/"},"modified":"2018-11-22T12:33:10","modified_gmt":"2018-11-22T11:33:10","slug":"alzira-sol-licitara-a-la-conselleria-d-educacio-investigacio-cultura-i-esports-de-la-generalitat-valenciana-la-immediata-intervencio-en-les-ruines-del-monestir-de-la-murta","status":"publish","type":"post","link":"https:\/\/alzira.es\/es\/alzira-sol-licitara-a-la-conselleria-d-educacio-investigacio-cultura-i-esports-de-la-generalitat-valenciana-la-immediata-intervencio-en-les-ruines-del-monestir-de-la-murta\/","title":{"rendered":"Alzira sol\u2022licitar\u00e0 a la Conselleria d\u2019Educaci\u00f3, Investigaci\u00f3, Cultura i Esports de la Generalitat Valenciana la immediata intervenci\u00f3 en les ru\u00efnes del monestir de la Murta"},"content":{"rendered":"<p style=\"text-align: justify;\"><strong>Alzira, 22 de novembre de 2018.-<\/strong> Despr\u00e9s de dos importants episodis de pluja amb elevats percentatges de litres d&#8217;aigua per metre quadrat \u00e9s el moment de fer balan\u00e7 per tal d&#8217;assabentar-se de la manera en qu\u00e8 s&#8217;ha vist afectat el nostre patrimoni cultural.<\/p>\n<p>La vicealcaldessa i regidora de l&#8217;\u00e0rea, Isabel Aguilar, ha estat hui, junt amb els t\u00e8cnics municipals, realitzant una visita a un dels elements patrimonials amb m\u00e9s valor i estima per a tots els alzirenys, el monestir de Santa Maria de la Murta.<\/p>\n<p>Les fortes precipitacions han degradat alguns dels elements estructurals del monestir, per la qual cosa es fa necess\u00e0ria una urgent actuaci\u00f3 amb l&#8217;objectiu d&#8217;estabilitzar les zones afectades de l&#8217;emblem\u00e0tica edificaci\u00f3 i que a hores d&#8217;ara passen a ser d&#8217;extrema vulnerabilitat davant possibles nous episodis de pluges torrencials.<\/p>\n<p>El conjunt monumental data del segle XV i compta amb un element caracter\u00edstic com \u00e9s la torre dels Coloms, un element defensiu que s&#8217;ha aconseguit mantindre dret al llarg de segles i, per tant, \u00abhem de seguir preservant-la\u00bb, ha assegurat Aguilar.<\/p>\n<p>Ara \u00e9s moment de precisar al detall totes les necessitats d&#8217;actuaci\u00f3 al conjunt mon\u00e0stic per tal d&#8217;estabilitzar totes aquelles parts on siga m\u00e9s necessari intervindre i sol\u2022licitar a la Conselleria d&#8217;Educaci\u00f3, Investigaci\u00f3, Cultura i Esports de la Generalitat Valenciana la immediata intervenci\u00f3 en la salvaguarda de les ru\u00efnes del monestir.<\/p>\n<p style=\"text-align: center;\"><a href=\"https:\/\/alzira.es\/wp-content\/uploads\/2018\/11\/20181120_123317_resized.jpg\" target=\"_blank\" rel=\"noopener\"><img fetchpriority=\"high\" decoding=\"async\" class=\" size-full wp-image-36147\" title=\"Alzira sol\u2022licitar\u00e0 a la Conselleria d\u2019Educaci\u00f3, Investigaci\u00f3, Cultura i Esports de la Generalitat Valenciana la immediata intervenci\u00f3 en les ru\u00efnes del monestir de la Murta\" src=\"https:\/\/alzira.es\/wp-content\/uploads\/2018\/11\/20181120_123317_resized.jpg\" alt=\"20181120 123317 resized\" width=\"225\" height=\"300\" srcset=\"https:\/\/alzira.es\/wp-content\/uploads\/2018\/11\/20181120_123317_resized.jpg 900w, https:\/\/alzira.es\/wp-content\/uploads\/2018\/11\/20181120_123317_resized-383x510.jpg 383w, https:\/\/alzira.es\/wp-content\/uploads\/2018\/11\/20181120_123317_resized-804x1072.jpg 804w, https:\/\/alzira.es\/wp-content\/uploads\/2018\/11\/20181120_123317_resized-768x1024.jpg 768w\" sizes=\"(max-width: 225px) 100vw, 225px\" \/><\/a>&nbsp;<a href=\"https:\/\/alzira.es\/wp-content\/uploads\/2018\/11\/20181120_124302_resized.jpg\" target=\"_blank\" rel=\"noopener\"><img decoding=\"async\" class=\"size-full wp-image-36149 lazyload\" title=\"Alzira sol\u2022licitar\u00e0 a la Conselleria d\u2019Educaci\u00f3, Investigaci\u00f3, Cultura i Esports de la Generalitat Valenciana la immediata intervenci\u00f3 en les ru\u00efnes del monestir de la Murta\" data-src=\"https:\/\/alzira.es\/wp-content\/uploads\/2018\/11\/20181120_124302_resized.jpg\" alt=\"20181120 124302 resized\" width=\"400\" height=\"300\" data-srcset=\"https:\/\/alzira.es\/wp-content\/uploads\/2018\/11\/20181120_124302_resized.jpg 1200w, https:\/\/alzira.es\/wp-content\/uploads\/2018\/11\/20181120_124302_resized-680x510.jpg 680w, https:\/\/alzira.es\/wp-content\/uploads\/2018\/11\/20181120_124302_resized-768x576.jpg 768w\" data-sizes=\"(max-width: 400px) 100vw, 400px\" src=\"data:image\/svg+xml;base64,PHN2ZyB3aWR0aD0iMSIgaGVpZ2h0PSIxIiB4bWxucz0iaHR0cDovL3d3dy53My5vcmcvMjAwMC9zdmciPjwvc3ZnPg==\" style=\"--smush-placeholder-width: 400px; --smush-placeholder-aspect-ratio: 400\/300;\" \/><\/a>&nbsp;<a href=\"https:\/\/alzira.es\/wp-content\/uploads\/2018\/11\/20181120_124100.jpg\" target=\"_blank\" rel=\"noopener\"><img decoding=\"async\" class=\"size-full wp-image-36151 lazyload\" title=\"Alzira sol\u2022licitar\u00e0 a la Conselleria d\u2019Educaci\u00f3, Investigaci\u00f3, Cultura i Esports de la Generalitat Valenciana la immediata intervenci\u00f3 en les ru\u00efnes del monestir de la Murta\" data-src=\"https:\/\/alzira.es\/wp-content\/uploads\/2018\/11\/20181120_124100.jpg\" alt=\"20181120 124100\" width=\"225\" height=\"300\" data-srcset=\"https:\/\/alzira.es\/wp-content\/uploads\/2018\/11\/20181120_124100.jpg 900w, https:\/\/alzira.es\/wp-content\/uploads\/2018\/11\/20181120_124100-383x510.jpg 383w, https:\/\/alzira.es\/wp-content\/uploads\/2018\/11\/20181120_124100-804x1072.jpg 804w, https:\/\/alzira.es\/wp-content\/uploads\/2018\/11\/20181120_124100-768x1024.jpg 768w\" data-sizes=\"(max-width: 225px) 100vw, 225px\" src=\"data:image\/svg+xml;base64,PHN2ZyB3aWR0aD0iMSIgaGVpZ2h0PSIxIiB4bWxucz0iaHR0cDovL3d3dy53My5vcmcvMjAwMC9zdmciPjwvc3ZnPg==\" style=\"--smush-placeholder-width: 225px; --smush-placeholder-aspect-ratio: 225\/300;\" \/><\/a><\/p>\n","protected":false},"excerpt":{"rendered":"<p>Alzira, 22 de novembre de 2018.- Despr\u00e9s de dos importants episodis de pluja amb elevats percentatges de litres d&#8217;aigua per metre quadrat \u00e9s el moment de fer balan\u00e7 per tal d&#8217;assabentar-se de la manera en qu\u00e8 s&#8217;ha vist afectat el nostre patrimoni cultural. La vicealcaldessa i regidora de l&#8217;\u00e0rea, Isabel Aguilar, ha estat hui, junt &hellip; <\/p>\n<p class=\"link-more\"><a href=\"https:\/\/alzira.es\/es\/alzira-sol-licitara-a-la-conselleria-d-educacio-investigacio-cultura-i-esports-de-la-generalitat-valenciana-la-immediata-intervencio-en-les-ruines-del-monestir-de-la-murta\/\" class=\"more-link\">Continuar leyendo<span class=\"screen-reader-text\"> \u00abAlzira sol\u2022licitar\u00e0 a la Conselleria d\u2019Educaci\u00f3, Investigaci\u00f3, Cultura i Esports de la Generalitat Valenciana la immediata intervenci\u00f3 en les ru\u00efnes del monestir de la Murta\u00bb<\/span><\/a><\/p>\n","protected":false},"author":12,"featured_media":36147,"comment_status":"","ping_status":"","sticky":false,"template":"","format":"standard","meta":{"_acf_changed":false,"footnotes":""},"categories":[],"tags":[],"class_list":["post-36155","post","type-post","status-publish","format-standard","has-post-thumbnail","hentry"],"acf":[],"_links":{"self":[{"href":"https:\/\/alzira.es\/es\/wp-json\/wp\/v2\/posts\/36155","targetHints":{"allow":["GET"]}}],"collection":[{"href":"https:\/\/alzira.es\/es\/wp-json\/wp\/v2\/posts"}],"about":[{"href":"https:\/\/alzira.es\/es\/wp-json\/wp\/v2\/types\/post"}],"author":[{"embeddable":true,"href":"https:\/\/alzira.es\/es\/wp-json\/wp\/v2\/users\/12"}],"replies":[{"embeddable":true,"href":"https:\/\/alzira.es\/es\/wp-json\/wp\/v2\/comments?post=36155"}],"version-history":[{"count":0,"href":"https:\/\/alzira.es\/es\/wp-json\/wp\/v2\/posts\/36155\/revisions"}],"wp:featuredmedia":[{"embeddable":true,"href":"https:\/\/alzira.es\/es\/wp-json\/wp\/v2\/media\/36147"}],"wp:attachment":[{"href":"https:\/\/alzira.es\/es\/wp-json\/wp\/v2\/media?parent=36155"}],"wp:term":[{"taxonomy":"category","embeddable":true,"href":"https:\/\/alzira.es\/es\/wp-json\/wp\/v2\/categories?post=36155"},{"taxonomy":"post_tag","embeddable":true,"href":"https:\/\/alzira.es\/es\/wp-json\/wp\/v2\/tags?post=36155"}],"curies":[{"name":"wp","href":"https:\/\/api.w.org\/{rel}","templated":true}]}}