{"id":36153,"date":"2018-11-22T12:33:10","date_gmt":"2018-11-22T11:33:10","guid":{"rendered":"https:\/\/alzira.es\/alzira-solicitara-a-la-conselleria-de-educacion-investigacion-cultura-y-deportes-de-la-generalitat-valenciana-la-inmediata-intervencion-en-las-ruinas-del-monasterio-de-la-murta\/"},"modified":"2018-11-22T12:33:10","modified_gmt":"2018-11-22T11:33:10","slug":"alzira-solicitara-a-la-conselleria-de-educacion-investigacion-cultura-y-deportes-de-la-generalitat-valenciana-la-inmediata-intervencion-en-las-ruinas-del-monasterio-de-la-murta","status":"publish","type":"post","link":"https:\/\/alzira.es\/es\/alzira-solicitara-a-la-conselleria-de-educacion-investigacion-cultura-y-deportes-de-la-generalitat-valenciana-la-inmediata-intervencion-en-las-ruinas-del-monasterio-de-la-murta\/","title":{"rendered":"Alzira solicitar\u00e1 a la Conseller\u00eda de Educaci\u00f3n, Investigaci\u00f3n, Cultura y Deportes de la Generalitat Valenciana la inmediata intervenci\u00f3n en las ruinas del monasterio de la Murta"},"content":{"rendered":"<p style=\"text-align: justify;\"><strong>Alzira, 22 de noviembre de 2018.-<\/strong> Tras dos importantes episodios de lluvia con elevados porcentajes de litros de agua por metro cuadrado es el momento de hacer balance para enterarse de la manera en que se ha visto afectado nuestro patrimonio cultural.<\/p>\n<p style=\"text-align: justify;\">La vicealcaldesa y concejala del \u00e1rea, Isabel Aguilar, ha estado hoy, junto con los t\u00e9cnicos municipales, realizando una visita a uno de los elementos patrimoniales con m\u00e1s valor y estima para todos los alzire\u00f1os, el monasterio de Santa Mar\u00eda de la Murta.<\/p>\n<p style=\"text-align: justify;\">Las fuertes precipitaciones han degradado algunos de los elementos estructurales del monasterio, por lo que se hace necesaria una urgente actuaci\u00f3n con el objetivo de estabilizar las zonas afectadas de la emblem\u00e1tica edificaci\u00f3n y que a estas alturas pasan a ser de extrema vulnerabilidad ante posibles nuevos episodios de lluvias torrenciales.<\/p>\n<p style=\"text-align: justify;\">El conjunto monumental del siglo XV cuenta con un elemento caracter\u00edstico como es la torre de las Palomas, un elemento defensivo que se ha conseguido mantener derecho a lo largo de siglos y, por tanto \u00abtenemos que seguir preserv\u00e1ndola\u00bb, asegur\u00f3 Aguilar.<\/p>\n<p style=\"text-align: justify;\">Ahora es momento de precisar al detalle todas las necesidades de actuaci\u00f3n en el conjunto mon\u00e1stico para estabilizar todas aquellas partes donde sea m\u00e1s necesario intervenir y solicitar a la Conseller\u00eda de Educaci\u00f3n, Investigaci\u00f3n, Cultura y Deportes de la Generalitat Valenciana la inmediata intervenci\u00f3n en la salvaguarda de las ruinas del monasterio.<\/p>\n<p style=\"text-align: center;\"><a href=\"https:\/\/alzira.es\/wp-content\/uploads\/2018\/11\/20181120_123317_resized.jpg\" target=\"_blank\" rel=\"noopener\"><img fetchpriority=\"high\" decoding=\"async\" class=\" size-full wp-image-36147\" title=\"Alzira solicitar\u00e1 a la Conseller\u00eda de Educaci\u00f3n, Investigaci\u00f3n, Cultura y Deportes de la Generalitat Valenciana la inmediata intervenci\u00f3n en las ruinas del monasterio de la Murta\" src=\"https:\/\/alzira.es\/wp-content\/uploads\/2018\/11\/20181120_123317_resized.jpg\" alt=\"20181120 123317 resized\" width=\"225\" height=\"300\" srcset=\"https:\/\/alzira.es\/wp-content\/uploads\/2018\/11\/20181120_123317_resized.jpg 900w, https:\/\/alzira.es\/wp-content\/uploads\/2018\/11\/20181120_123317_resized-383x510.jpg 383w, https:\/\/alzira.es\/wp-content\/uploads\/2018\/11\/20181120_123317_resized-804x1072.jpg 804w, https:\/\/alzira.es\/wp-content\/uploads\/2018\/11\/20181120_123317_resized-768x1024.jpg 768w\" sizes=\"(max-width: 225px) 100vw, 225px\" \/><\/a>&nbsp;<a href=\"https:\/\/alzira.es\/wp-content\/uploads\/2018\/11\/20181120_124302_resized.jpg\" target=\"_blank\" rel=\"noopener\"><img decoding=\"async\" class=\"size-full wp-image-36149 lazyload\" title=\"Alzira solicitar\u00e1 a la Conseller\u00eda de Educaci\u00f3n, Investigaci\u00f3n, Cultura y Deportes de la Generalitat Valenciana la inmediata intervenci\u00f3n en las ruinas del monasterio de la Murta\" data-src=\"https:\/\/alzira.es\/wp-content\/uploads\/2018\/11\/20181120_124302_resized.jpg\" alt=\"20181120 124302 resized\" width=\"400\" height=\"300\" data-srcset=\"https:\/\/alzira.es\/wp-content\/uploads\/2018\/11\/20181120_124302_resized.jpg 1200w, https:\/\/alzira.es\/wp-content\/uploads\/2018\/11\/20181120_124302_resized-680x510.jpg 680w, https:\/\/alzira.es\/wp-content\/uploads\/2018\/11\/20181120_124302_resized-768x576.jpg 768w\" data-sizes=\"(max-width: 400px) 100vw, 400px\" src=\"data:image\/svg+xml;base64,PHN2ZyB3aWR0aD0iMSIgaGVpZ2h0PSIxIiB4bWxucz0iaHR0cDovL3d3dy53My5vcmcvMjAwMC9zdmciPjwvc3ZnPg==\" style=\"--smush-placeholder-width: 400px; --smush-placeholder-aspect-ratio: 400\/300;\" \/><\/a>&nbsp;<a href=\"https:\/\/alzira.es\/wp-content\/uploads\/2018\/11\/20181120_124100.jpg\" target=\"_blank\" rel=\"noopener\"><img decoding=\"async\" class=\"size-full wp-image-36151 lazyload\" title=\"Alzira solicitar\u00e1 a la Conseller\u00eda de Educaci\u00f3n, Investigaci\u00f3n, Cultura y Deportes de la Generalitat Valenciana la inmediata intervenci\u00f3n en las ruinas del monasterio de la Murta\" data-src=\"https:\/\/alzira.es\/wp-content\/uploads\/2018\/11\/20181120_124100.jpg\" alt=\"20181120 124100\" width=\"225\" height=\"300\" data-srcset=\"https:\/\/alzira.es\/wp-content\/uploads\/2018\/11\/20181120_124100.jpg 900w, https:\/\/alzira.es\/wp-content\/uploads\/2018\/11\/20181120_124100-383x510.jpg 383w, https:\/\/alzira.es\/wp-content\/uploads\/2018\/11\/20181120_124100-804x1072.jpg 804w, https:\/\/alzira.es\/wp-content\/uploads\/2018\/11\/20181120_124100-768x1024.jpg 768w\" data-sizes=\"(max-width: 225px) 100vw, 225px\" src=\"data:image\/svg+xml;base64,PHN2ZyB3aWR0aD0iMSIgaGVpZ2h0PSIxIiB4bWxucz0iaHR0cDovL3d3dy53My5vcmcvMjAwMC9zdmciPjwvc3ZnPg==\" style=\"--smush-placeholder-width: 225px; --smush-placeholder-aspect-ratio: 225\/300;\" \/><\/a><\/p>\n","protected":false},"excerpt":{"rendered":"<p>Alzira, 22 de noviembre de 2018.- Tras dos importantes episodios de lluvia con elevados porcentajes de litros de agua por metro cuadrado es el momento de hacer balance para enterarse de la manera en que se ha visto afectado nuestro patrimonio cultural. La vicealcaldesa y concejala del \u00e1rea, Isabel Aguilar, ha estado hoy, junto con &hellip; <\/p>\n<p class=\"link-more\"><a href=\"https:\/\/alzira.es\/es\/alzira-solicitara-a-la-conselleria-de-educacion-investigacion-cultura-y-deportes-de-la-generalitat-valenciana-la-inmediata-intervencion-en-las-ruinas-del-monasterio-de-la-murta\/\" class=\"more-link\">Continuar leyendo<span class=\"screen-reader-text\"> \u00abAlzira solicitar\u00e1 a la Conseller\u00eda de Educaci\u00f3n, Investigaci\u00f3n, Cultura y Deportes de la Generalitat Valenciana la inmediata intervenci\u00f3n en las ruinas del monasterio de la Murta\u00bb<\/span><\/a><\/p>\n","protected":false},"author":12,"featured_media":36147,"comment_status":"","ping_status":"","sticky":false,"template":"","format":"standard","meta":{"_acf_changed":false,"footnotes":""},"categories":[4936],"tags":[],"class_list":["post-36153","post","type-post","status-publish","format-standard","has-post-thumbnail","hentry","category-hemeroteca-es"],"acf":[],"_links":{"self":[{"href":"https:\/\/alzira.es\/es\/wp-json\/wp\/v2\/posts\/36153","targetHints":{"allow":["GET"]}}],"collection":[{"href":"https:\/\/alzira.es\/es\/wp-json\/wp\/v2\/posts"}],"about":[{"href":"https:\/\/alzira.es\/es\/wp-json\/wp\/v2\/types\/post"}],"author":[{"embeddable":true,"href":"https:\/\/alzira.es\/es\/wp-json\/wp\/v2\/users\/12"}],"replies":[{"embeddable":true,"href":"https:\/\/alzira.es\/es\/wp-json\/wp\/v2\/comments?post=36153"}],"version-history":[{"count":0,"href":"https:\/\/alzira.es\/es\/wp-json\/wp\/v2\/posts\/36153\/revisions"}],"wp:featuredmedia":[{"embeddable":true,"href":"https:\/\/alzira.es\/es\/wp-json\/wp\/v2\/media\/36147"}],"wp:attachment":[{"href":"https:\/\/alzira.es\/es\/wp-json\/wp\/v2\/media?parent=36153"}],"wp:term":[{"taxonomy":"category","embeddable":true,"href":"https:\/\/alzira.es\/es\/wp-json\/wp\/v2\/categories?post=36153"},{"taxonomy":"post_tag","embeddable":true,"href":"https:\/\/alzira.es\/es\/wp-json\/wp\/v2\/tags?post=36153"}],"curies":[{"name":"wp","href":"https:\/\/api.w.org\/{rel}","templated":true}]}}