{"id":36143,"date":"2018-11-22T12:17:09","date_gmt":"2018-11-22T11:17:09","guid":{"rendered":"https:\/\/alzira.es\/la-nueva-iluminacion-led-de-navidad-llenara-las-calles-de-alzira-de-luz-y-color\/"},"modified":"2018-11-22T12:17:09","modified_gmt":"2018-11-22T11:17:09","slug":"la-nueva-iluminacion-led-de-navidad-llenara-las-calles-de-alzira-de-luz-y-color","status":"publish","type":"post","link":"https:\/\/alzira.es\/es\/la-nueva-iluminacion-led-de-navidad-llenara-las-calles-de-alzira-de-luz-y-color\/","title":{"rendered":"La nueva Iluminaci\u00f3n LED de Navidad llenar\u00e1 las calles de Alzira de luz y color"},"content":{"rendered":"<p style=\"text-align: justify;\"><strong><a href=\"https:\/\/alzira.es\/wp-content\/uploads\/2018\/11\/IMG-20181122-WA0000.jpg\" target=\"_blank\" rel=\"noopener\"><img fetchpriority=\"high\" decoding=\"async\" class=\" alignleft size-full wp-image-36141\" style=\"margin-right: 10px; float: left;\" title=\"La nueva Iluminaci\u00f3n LED de Navidad llenar\u00e1 las calles de Alzira de luz y color\" src=\"https:\/\/alzira.es\/wp-content\/uploads\/2018\/11\/IMG-20181122-WA0000.jpg\" alt=\"IMG-20181122-WA0000\" width=\"600\" height=\"450\" srcset=\"https:\/\/alzira.es\/wp-content\/uploads\/2018\/11\/IMG-20181122-WA0000.jpg 1600w, https:\/\/alzira.es\/wp-content\/uploads\/2018\/11\/IMG-20181122-WA0000-680x510.jpg 680w, https:\/\/alzira.es\/wp-content\/uploads\/2018\/11\/IMG-20181122-WA0000-1430x1072.jpg 1430w, https:\/\/alzira.es\/wp-content\/uploads\/2018\/11\/IMG-20181122-WA0000-768x576.jpg 768w, https:\/\/alzira.es\/wp-content\/uploads\/2018\/11\/IMG-20181122-WA0000-1536x1152.jpg 1536w\" sizes=\"(max-width: 600px) 100vw, 600px\" \/><\/a>Alzira, 22 de noviembre de 2018. &#8211;<\/strong> La calidad y la originalidad ser\u00e1n la premisa de la composici\u00f3n de la nueva iluminaci\u00f3n que se instalar\u00e1 en las calles de la ciudad durante las pr\u00f3ximas fiestas de Navidad, que est\u00e1 organizando la Concejal\u00eda de Gesti\u00f3n Urban\u00edstica.<\/p>\n<p style=\"text-align: justify;\">Ornamentaci\u00f3n con iluminaci\u00f3n LED, de bajo consumo, que constar\u00e1 de la instalaci\u00f3n de arcos, ramas, estrellas, c\u00edrculos, flores de pascua, estrella cometa, estrella pino, guirnaldas y cortinaje dispuestos en diferentes ubicaciones como: nueve arcos en la avenida Luis Su\u00f1er, cinco en la avenida Hispanidad, uno en Sants Patrons, cinco en la plaza Mayor, dos en Calder\u00f3n de la Barca, seis en las calles Hort dels Frares y Faustino Blasco, 10 en la calle Benito P\u00e9rez Gald\u00f3s, siete a lo largo de la calle Reyes Cat\u00f3licos, seis en la calle X\u00faquer y cuatro en Mayor Santa Catalina adem\u00e1s de otros arcos en diferentes emplazamientos de la ciudad, as\u00ed como carteles de \u00abFeliz Navidad\u00bb en la plaza del Carb\u00f3n, Pere Cresp\u00ed, calle independencia, la Garrofera y tres \u00e1rboles de luces en la plaza del Carb\u00f3n, Pere Cresp\u00ed y plaza Mayor en la que tambi\u00e9n habr\u00e1 redes de luces en las palmeras.<\/p>\n<p style=\"text-align: justify;\">Fernando Pascual, concejal de Gesti\u00f3n Urban\u00edstica, ha manifestado al respecto \u00abUno de los objetivos de este ayuntamiento ha sido el ahorro en el consumo de la luz y, para cumplirlo, hemos realizado actuaciones por toda la ciudad y los edificios p\u00fablicos, cambiando la iluminaci\u00f3n tradicional por alumbrado LED. Est\u00e1 claro que para continuar con la misma l\u00ednea, toda la iluminaci\u00f3n navide\u00f1a que se dispondr\u00e1 en las calles y plazas de la ciudad ser\u00e1 de LED de bajo consumo. Con esta medida queremos conseguir que Alzira sea una ciudad sostenible y con recursos que favorezcan el respeto por el medio ambiente\u00bb.<\/p>\n<p style=\"text-align: justify;\">Tambi\u00e9n la vicealcaldesa y concejala de Comercio, Isabel Aguilar, ha declarado que \u00abNavidad es una de las fechas m\u00e1s importantes del a\u00f1o, en la que todos y todas salimos a la calle a hacer nuestras compras navide\u00f1as, regalos, ropa y decoraci\u00f3n especial para nuestras casas, y una manera de hacer m\u00e1s agradables las compras es ver las calles engalanadas con decoraci\u00f3n para la ocasi\u00f3n. Y claro, tambi\u00e9n impulsamos el comercio local con campa\u00f1as especiales, de las que hablaremos pr\u00f3ximamente, porque hemos preparado algunas sorpresas que har\u00e1n de esta fecha una \u00e9poca entra\u00f1able\u00bb.<\/p>\n","protected":false},"excerpt":{"rendered":"<p>Alzira, 22 de noviembre de 2018. &#8211; La calidad y la originalidad ser\u00e1n la premisa de la composici\u00f3n de la nueva iluminaci\u00f3n que se instalar\u00e1 en las calles de la ciudad durante las pr\u00f3ximas fiestas de Navidad, que est\u00e1 organizando la Concejal\u00eda de Gesti\u00f3n Urban\u00edstica. Ornamentaci\u00f3n con iluminaci\u00f3n LED, de bajo consumo, que constar\u00e1 de &hellip; <\/p>\n<p class=\"link-more\"><a href=\"https:\/\/alzira.es\/es\/la-nueva-iluminacion-led-de-navidad-llenara-las-calles-de-alzira-de-luz-y-color\/\" class=\"more-link\">Continuar leyendo<span class=\"screen-reader-text\"> \u00abLa nueva Iluminaci\u00f3n LED de Navidad llenar\u00e1 las calles de Alzira de luz y color\u00bb<\/span><\/a><\/p>\n","protected":false},"author":12,"featured_media":36141,"comment_status":"","ping_status":"","sticky":false,"template":"","format":"standard","meta":{"_acf_changed":false,"footnotes":""},"categories":[4936],"tags":[],"class_list":["post-36143","post","type-post","status-publish","format-standard","has-post-thumbnail","hentry","category-hemeroteca-es"],"acf":[],"_links":{"self":[{"href":"https:\/\/alzira.es\/es\/wp-json\/wp\/v2\/posts\/36143","targetHints":{"allow":["GET"]}}],"collection":[{"href":"https:\/\/alzira.es\/es\/wp-json\/wp\/v2\/posts"}],"about":[{"href":"https:\/\/alzira.es\/es\/wp-json\/wp\/v2\/types\/post"}],"author":[{"embeddable":true,"href":"https:\/\/alzira.es\/es\/wp-json\/wp\/v2\/users\/12"}],"replies":[{"embeddable":true,"href":"https:\/\/alzira.es\/es\/wp-json\/wp\/v2\/comments?post=36143"}],"version-history":[{"count":0,"href":"https:\/\/alzira.es\/es\/wp-json\/wp\/v2\/posts\/36143\/revisions"}],"wp:featuredmedia":[{"embeddable":true,"href":"https:\/\/alzira.es\/es\/wp-json\/wp\/v2\/media\/36141"}],"wp:attachment":[{"href":"https:\/\/alzira.es\/es\/wp-json\/wp\/v2\/media?parent=36143"}],"wp:term":[{"taxonomy":"category","embeddable":true,"href":"https:\/\/alzira.es\/es\/wp-json\/wp\/v2\/categories?post=36143"},{"taxonomy":"post_tag","embeddable":true,"href":"https:\/\/alzira.es\/es\/wp-json\/wp\/v2\/tags?post=36143"}],"curies":[{"name":"wp","href":"https:\/\/api.w.org\/{rel}","templated":true}]}}