{"id":36123,"date":"2018-11-22T08:20:38","date_gmt":"2018-11-22T07:20:38","guid":{"rendered":"https:\/\/alzira.es\/el-director-general-de-l-aigua-manolo-aldeguer-ha-visitat-les-obres-en-execucio-del-nou-canal-d-alzira\/"},"modified":"2018-11-22T08:20:38","modified_gmt":"2018-11-22T07:20:38","slug":"el-director-general-de-l-aigua-manolo-aldeguer-ha-visitat-les-obres-en-execucio-del-nou-canal-d-alzira","status":"publish","type":"post","link":"https:\/\/alzira.es\/es\/el-director-general-de-l-aigua-manolo-aldeguer-ha-visitat-les-obres-en-execucio-del-nou-canal-d-alzira\/","title":{"rendered":"El Director General de l\u2019Aigua, Manolo Aldeguer, ha visitat les obres en execuci\u00f3 del nou canal d\u2019Alzira"},"content":{"rendered":"<p style=\"text-align: justify;\"><strong><a href=\"https:\/\/alzira.es\/wp-content\/uploads\/2018\/11\/20181121_145549.jpg\" target=\"_blank\" rel=\"noopener\"><img fetchpriority=\"high\" decoding=\"async\" class=\" alignleft size-full wp-image-36118\" style=\"margin-right: 10px; float: left;\" title=\"El Director General de l\u2019Aigua, Manolo Aldeguer, ha visitat les obres en execuci\u00f3 del nou canal d\u2019Alzira\" src=\"https:\/\/alzira.es\/wp-content\/uploads\/2018\/11\/20181121_145549.jpg\" alt=\"20181121 145549\" width=\"600\" height=\"450\" srcset=\"https:\/\/alzira.es\/wp-content\/uploads\/2018\/11\/20181121_145549.jpg 1200w, https:\/\/alzira.es\/wp-content\/uploads\/2018\/11\/20181121_145549-680x510.jpg 680w, https:\/\/alzira.es\/wp-content\/uploads\/2018\/11\/20181121_145549-768x576.jpg 768w\" sizes=\"(max-width: 600px) 100vw, 600px\" \/><\/a>Alzira, 21 de novembre de 2018. \u2013<\/strong> Durant el mat\u00ed de hui dimecres, el Director General de l&#8217;Aigua, Manolo Aldeguer, ha estat a la ciutat d&#8217;Alzira per tal de visitar les obres que estan realitzant-se al nou canal de Les Basses, i supervisar l&#8217;estat d&#8217;estes obres despr\u00e9s de l&#8217;episodi de pluges torrencials que s&#8217;ha viscut a la nostra ciutat els darrers dies.<\/p>\n<p style=\"text-align: justify;\">En la visita, el Director General, ha comptat amb els t\u00e8cnics de la Conselleria, tamb\u00e9 de l&#8217;empressa constructora i els t\u00e8cnics municipals, acompanyats pel regidor de Gesti\u00f3 Urban\u00edstica, Fernando Pascual, per tal de fer una valoraci\u00f3 de les obres realitzades, l&#8217;estat actual i les pr\u00f2ximes actuacions a realitzar.<\/p>\n<p style=\"text-align: justify;\">Segons ha declarat el regidor de Gesti\u00f3 Urban\u00edstica, Fernando Pascual: \u00abDavant la situaci\u00f3 actual, i en nom de l&#8217;Equip de Govern, li hen sol\u2022licitat al Director General, que les obres que estan realitzant-se actualment en el canal, finalitzen el m\u00e9s aviat possible posant a l&#8217;abast les mesures necess\u00e0ries. En la conversa mantinguda s&#8217;ha aplegat a un acord, amb l&#8217;empresa constructora, per poder finalitzar les obres que impliquen la rotonda, ja que s\u00f3n les que arrepleguen i canalitzen l&#8217;aigua des del cam\u00ed de Pescadors fins el mateix canal, com a acci\u00f3 priorit\u00e0ria d&#8217;execuci\u00f3\u00bb.<\/p>\n<p style=\"text-align: justify;\">&nbsp;<\/p>\n","protected":false},"excerpt":{"rendered":"<p>Alzira, 21 de novembre de 2018. \u2013 Durant el mat\u00ed de hui dimecres, el Director General de l&#8217;Aigua, Manolo Aldeguer, ha estat a la ciutat d&#8217;Alzira per tal de visitar les obres que estan realitzant-se al nou canal de Les Basses, i supervisar l&#8217;estat d&#8217;estes obres despr\u00e9s de l&#8217;episodi de pluges torrencials que s&#8217;ha viscut &hellip; <\/p>\n<p class=\"link-more\"><a href=\"https:\/\/alzira.es\/es\/el-director-general-de-l-aigua-manolo-aldeguer-ha-visitat-les-obres-en-execucio-del-nou-canal-d-alzira\/\" class=\"more-link\">Continuar leyendo<span class=\"screen-reader-text\"> \u00abEl Director General de l\u2019Aigua, Manolo Aldeguer, ha visitat les obres en execuci\u00f3 del nou canal d\u2019Alzira\u00bb<\/span><\/a><\/p>\n","protected":false},"author":12,"featured_media":36118,"comment_status":"","ping_status":"","sticky":false,"template":"","format":"standard","meta":{"_acf_changed":false,"footnotes":""},"categories":[],"tags":[],"class_list":["post-36123","post","type-post","status-publish","format-standard","has-post-thumbnail","hentry"],"acf":[],"_links":{"self":[{"href":"https:\/\/alzira.es\/es\/wp-json\/wp\/v2\/posts\/36123","targetHints":{"allow":["GET"]}}],"collection":[{"href":"https:\/\/alzira.es\/es\/wp-json\/wp\/v2\/posts"}],"about":[{"href":"https:\/\/alzira.es\/es\/wp-json\/wp\/v2\/types\/post"}],"author":[{"embeddable":true,"href":"https:\/\/alzira.es\/es\/wp-json\/wp\/v2\/users\/12"}],"replies":[{"embeddable":true,"href":"https:\/\/alzira.es\/es\/wp-json\/wp\/v2\/comments?post=36123"}],"version-history":[{"count":0,"href":"https:\/\/alzira.es\/es\/wp-json\/wp\/v2\/posts\/36123\/revisions"}],"wp:featuredmedia":[{"embeddable":true,"href":"https:\/\/alzira.es\/es\/wp-json\/wp\/v2\/media\/36118"}],"wp:attachment":[{"href":"https:\/\/alzira.es\/es\/wp-json\/wp\/v2\/media?parent=36123"}],"wp:term":[{"taxonomy":"category","embeddable":true,"href":"https:\/\/alzira.es\/es\/wp-json\/wp\/v2\/categories?post=36123"},{"taxonomy":"post_tag","embeddable":true,"href":"https:\/\/alzira.es\/es\/wp-json\/wp\/v2\/tags?post=36123"}],"curies":[{"name":"wp","href":"https:\/\/api.w.org\/{rel}","templated":true}]}}