{"id":36121,"date":"2018-11-22T08:20:38","date_gmt":"2018-11-22T07:20:38","guid":{"rendered":"https:\/\/alzira.es\/el-director-general-del-agua-manolo-aldeguer-ha-visitado-las-obras-en-ejecucion-del-nuevo-canal-de-alzira\/"},"modified":"2018-11-22T08:20:38","modified_gmt":"2018-11-22T07:20:38","slug":"el-director-general-del-agua-manolo-aldeguer-ha-visitado-las-obras-en-ejecucion-del-nuevo-canal-de-alzira","status":"publish","type":"post","link":"https:\/\/alzira.es\/es\/el-director-general-del-agua-manolo-aldeguer-ha-visitado-las-obras-en-ejecucion-del-nuevo-canal-de-alzira\/","title":{"rendered":"El Director General del Agua, Manolo Aldeguer, ha visitado las obras en ejecuci\u00f3n del nuevo canal de Alzira"},"content":{"rendered":"<p style=\"text-align: justify;\"><strong><a href=\"https:\/\/alzira.es\/wp-content\/uploads\/2018\/11\/20181121_145549.jpg\" target=\"_blank\" rel=\"noopener\"><img fetchpriority=\"high\" decoding=\"async\" class=\" alignleft size-full wp-image-36118\" style=\"margin-right: 10px; float: left;\" title=\"El Director General del Agua, Manolo Aldeguer, ha visitado las obras en ejecuci\u00f3n del nuevo canal de Alzira\" src=\"https:\/\/alzira.es\/wp-content\/uploads\/2018\/11\/20181121_145549.jpg\" alt=\"20181121 145549\" width=\"600\" height=\"450\" srcset=\"https:\/\/alzira.es\/wp-content\/uploads\/2018\/11\/20181121_145549.jpg 1200w, https:\/\/alzira.es\/wp-content\/uploads\/2018\/11\/20181121_145549-680x510.jpg 680w, https:\/\/alzira.es\/wp-content\/uploads\/2018\/11\/20181121_145549-768x576.jpg 768w\" sizes=\"(max-width: 600px) 100vw, 600px\" \/><\/a>Alzira, 21 de noviembre de 2018. &#8211;<\/strong> Durante la ma\u00f1ana de hoy mi\u00e9rcoles, el Director General del Agua, Manolo Aldeguer, ha estado en la ciudad de Alzira para visitar las obras que se est\u00e1n realizando en el nuevo canal de les Basses, y supervisar el estado de estas obras despu\u00e9s del episodio de lluvias torrenciales que se ha vivido en nuestra ciudad los \u00faltimos d\u00edas.<\/p>\n<p style=\"text-align: justify;\">En la visita, el Director General ha contado con los t\u00e9cnicos de la Conseller\u00eda, tambi\u00e9n de la empresa constructora y los t\u00e9cnicos municipales, acompa\u00f1ados por el concejal de Gesti\u00f3n Urban\u00edstica, Fernando Pascual, para hacer una valoraci\u00f3n de las obras realizadas, el estado actual y las pr\u00f3ximas actuaciones a realizar.<\/p>\n<p style=\"text-align: justify;\">Seg\u00fan ha declarado el concejal de Gesti\u00f3n Urban\u00edstica, Fernando Pascual \u00abAnte la situaci\u00f3n actual, y en nombre del Equipo de Gobierno, le hen solicitado al Director General, que las obras que se est\u00e1n realizando actualmente en el canal finalicen antes posible poniendo al alcance las medidas necesarias. En la conversaci\u00f3n mantenida se ha llegado a un acuerdo, con la empresa constructora, para poder finalizar las obras que implican la rotonda, ya que son las que recogen y canalizan el agua desde el camino de Pescadores hasta el mismo canal, como acci\u00f3n prioritaria de ejecuci\u00f3n\u00bb.<\/p>\n","protected":false},"excerpt":{"rendered":"<p>Alzira, 21 de noviembre de 2018. &#8211; Durante la ma\u00f1ana de hoy mi\u00e9rcoles, el Director General del Agua, Manolo Aldeguer, ha estado en la ciudad de Alzira para visitar las obras que se est\u00e1n realizando en el nuevo canal de les Basses, y supervisar el estado de estas obras despu\u00e9s del episodio de lluvias torrenciales &hellip; <\/p>\n<p class=\"link-more\"><a href=\"https:\/\/alzira.es\/es\/el-director-general-del-agua-manolo-aldeguer-ha-visitado-las-obras-en-ejecucion-del-nuevo-canal-de-alzira\/\" class=\"more-link\">Continuar leyendo<span class=\"screen-reader-text\"> \u00abEl Director General del Agua, Manolo Aldeguer, ha visitado las obras en ejecuci\u00f3n del nuevo canal de Alzira\u00bb<\/span><\/a><\/p>\n","protected":false},"author":12,"featured_media":36118,"comment_status":"","ping_status":"","sticky":false,"template":"","format":"standard","meta":{"_acf_changed":false,"footnotes":""},"categories":[4936],"tags":[],"class_list":["post-36121","post","type-post","status-publish","format-standard","has-post-thumbnail","hentry","category-hemeroteca-es"],"acf":[],"_links":{"self":[{"href":"https:\/\/alzira.es\/es\/wp-json\/wp\/v2\/posts\/36121","targetHints":{"allow":["GET"]}}],"collection":[{"href":"https:\/\/alzira.es\/es\/wp-json\/wp\/v2\/posts"}],"about":[{"href":"https:\/\/alzira.es\/es\/wp-json\/wp\/v2\/types\/post"}],"author":[{"embeddable":true,"href":"https:\/\/alzira.es\/es\/wp-json\/wp\/v2\/users\/12"}],"replies":[{"embeddable":true,"href":"https:\/\/alzira.es\/es\/wp-json\/wp\/v2\/comments?post=36121"}],"version-history":[{"count":0,"href":"https:\/\/alzira.es\/es\/wp-json\/wp\/v2\/posts\/36121\/revisions"}],"wp:featuredmedia":[{"embeddable":true,"href":"https:\/\/alzira.es\/es\/wp-json\/wp\/v2\/media\/36118"}],"wp:attachment":[{"href":"https:\/\/alzira.es\/es\/wp-json\/wp\/v2\/media?parent=36121"}],"wp:term":[{"taxonomy":"category","embeddable":true,"href":"https:\/\/alzira.es\/es\/wp-json\/wp\/v2\/categories?post=36121"},{"taxonomy":"post_tag","embeddable":true,"href":"https:\/\/alzira.es\/es\/wp-json\/wp\/v2\/tags?post=36121"}],"curies":[{"name":"wp","href":"https:\/\/api.w.org\/{rel}","templated":true}]}}