{"id":36105,"date":"2018-11-21T11:17:38","date_gmt":"2018-11-21T10:17:38","guid":{"rendered":"https:\/\/alzira.es\/la-regidoria-d-educacio-i-infancia-celebra-el-dia-internacional-de-la-ciutat-educadora-amb-la-festa-de-la-taronja\/"},"modified":"2018-11-21T11:17:38","modified_gmt":"2018-11-21T10:17:38","slug":"la-regidoria-d-educacio-i-infancia-celebra-el-dia-internacional-de-la-ciutat-educadora-amb-la-festa-de-la-taronja","status":"publish","type":"post","link":"https:\/\/alzira.es\/es\/la-regidoria-d-educacio-i-infancia-celebra-el-dia-internacional-de-la-ciutat-educadora-amb-la-festa-de-la-taronja\/","title":{"rendered":"La regidoria d\u2019Educaci\u00f3 i Inf\u00e0ncia celebra el Dia Internacional de la Ciutat Educadora amb la Festa de la Taronja"},"content":{"rendered":"<p style=\"text-align: justify;\"><strong><a href=\"https:\/\/alzira.es\/wp-content\/uploads\/2018\/11\/Cartell_Festa_de_la_Taronja.jpg\" target=\"_blank\" rel=\"noopener\"><img fetchpriority=\"high\" decoding=\"async\" class=\" alignleft size-full wp-image-36101\" style=\"margin-right: 10px; float: left;\" title=\"La regidoria d\u2019Educaci\u00f3 i Inf\u00e0ncia celebra el Dia Internacional de la Ciutat Educadora amb la Festa de la Taronja\" src=\"https:\/\/alzira.es\/wp-content\/uploads\/2018\/11\/Cartell_Festa_de_la_Taronja.jpg\" alt=\"Cartell Festa de la Taronja\" width=\"428\" height=\"600\" \/><\/a>Alzira, 21 de novembre de 2018. \u2013 <\/strong>La Regidoria d&#8217;Educaci\u00f3 i Inf\u00e0ncia ha organitzat una s\u00e8rie d&#8217;activitats per tal de commemorar el Dia Internacional de la Ciudad Educadora, que se celebra el 30 de novembre.<\/p>\n<p style=\"text-align: justify;\">Les activitats es realitzaran el dissabte 24 d&#8217;este mes de novembre a la pla\u00e7a Major d&#8217;11 a 13.30 hores, amb la Festa de la Taronja que inclou jocs, tallers, animaci\u00f3 infantil, actuacions musicals i evidentment&#8230; suc de taronja.<\/p>\n<p style=\"text-align: justify;\">Vine i disfruta de la vitamina C i fes-te un suc de taronja,<\/p>\n<p style=\"text-align: justify;\">El regidor d&#8217;Educaci\u00f3 i inf\u00e0ncia, Pepe Grau, ha manifestat al respecte: \u00abCal recordar que la ciutat educadora aposta per l&#8217;educaci\u00f3 (formal, no formal i informal) com a eina de transformaci\u00f3 social. Implica el comprom\u00eds amb un model de ciutat basat en els principis d&#8217;inclusi\u00f3 i igualtat d&#8217;oportunitats, just\u00edcia social, democr\u00e0cia participativa, conviv\u00e8ncia entre diferents cultures, di\u00e0leg entre generacions, promoci\u00f3 d&#8217;un estil de vida saludable i sostenible i cooperaci\u00f3&#8230; Principis que estan recollits en la Carta de Ciutats Educadores, manifest que recull els 20 principis que descriuen c\u00f3m \u00e9s, quins objectius t\u00e9 i els \u00e0mbits d&#8217;actuaci\u00f3 de la ciutat educadora. La celebraci\u00f3 d&#8217;esta data implica, principalment, crear consci\u00e8ncia de la import\u00e0ncia de l&#8217;educaci\u00f3 com a motor de canvi en una societat i, per tant, al municipi en el qual viu, i per altra, cal sumar aliats en favor del model de ciutat que es proposa\u00bb.<\/p>\n<p style=\"text-align: justify;\">El regidor tamb\u00e9 ha volgut aprofitar esta ocasi\u00f3 per convidar a tothom a acudir a esta jornada festiva i gaudir-ne en fam\u00edlia.<\/p>\n<p style=\"text-align: justify;\"><strong>&nbsp;<\/strong><\/p>\n","protected":false},"excerpt":{"rendered":"<p>Alzira, 21 de novembre de 2018. \u2013 La Regidoria d&#8217;Educaci\u00f3 i Inf\u00e0ncia ha organitzat una s\u00e8rie d&#8217;activitats per tal de commemorar el Dia Internacional de la Ciudad Educadora, que se celebra el 30 de novembre. Les activitats es realitzaran el dissabte 24 d&#8217;este mes de novembre a la pla\u00e7a Major d&#8217;11 a 13.30 hores, amb &hellip; <\/p>\n<p class=\"link-more\"><a href=\"https:\/\/alzira.es\/es\/la-regidoria-d-educacio-i-infancia-celebra-el-dia-internacional-de-la-ciutat-educadora-amb-la-festa-de-la-taronja\/\" class=\"more-link\">Continuar leyendo<span class=\"screen-reader-text\"> \u00abLa regidoria d\u2019Educaci\u00f3 i Inf\u00e0ncia celebra el Dia Internacional de la Ciutat Educadora amb la Festa de la Taronja\u00bb<\/span><\/a><\/p>\n","protected":false},"author":12,"featured_media":36101,"comment_status":"","ping_status":"","sticky":false,"template":"","format":"standard","meta":{"_acf_changed":false,"footnotes":""},"categories":[],"tags":[],"class_list":["post-36105","post","type-post","status-publish","format-standard","has-post-thumbnail","hentry"],"acf":[],"_links":{"self":[{"href":"https:\/\/alzira.es\/es\/wp-json\/wp\/v2\/posts\/36105","targetHints":{"allow":["GET"]}}],"collection":[{"href":"https:\/\/alzira.es\/es\/wp-json\/wp\/v2\/posts"}],"about":[{"href":"https:\/\/alzira.es\/es\/wp-json\/wp\/v2\/types\/post"}],"author":[{"embeddable":true,"href":"https:\/\/alzira.es\/es\/wp-json\/wp\/v2\/users\/12"}],"replies":[{"embeddable":true,"href":"https:\/\/alzira.es\/es\/wp-json\/wp\/v2\/comments?post=36105"}],"version-history":[{"count":0,"href":"https:\/\/alzira.es\/es\/wp-json\/wp\/v2\/posts\/36105\/revisions"}],"wp:featuredmedia":[{"embeddable":true,"href":"https:\/\/alzira.es\/es\/wp-json\/wp\/v2\/media\/36101"}],"wp:attachment":[{"href":"https:\/\/alzira.es\/es\/wp-json\/wp\/v2\/media?parent=36105"}],"wp:term":[{"taxonomy":"category","embeddable":true,"href":"https:\/\/alzira.es\/es\/wp-json\/wp\/v2\/categories?post=36105"},{"taxonomy":"post_tag","embeddable":true,"href":"https:\/\/alzira.es\/es\/wp-json\/wp\/v2\/tags?post=36105"}],"curies":[{"name":"wp","href":"https:\/\/api.w.org\/{rel}","templated":true}]}}