{"id":36103,"date":"2018-11-21T11:17:38","date_gmt":"2018-11-21T10:17:38","guid":{"rendered":"https:\/\/alzira.es\/la-concejalia-de-educacion-e-infancia-celebra-el-dia-internacional-de-la-ciudad-educadora-con-la-fiesta-de-la-naranja\/"},"modified":"2018-11-21T11:17:38","modified_gmt":"2018-11-21T10:17:38","slug":"la-concejalia-de-educacion-e-infancia-celebra-el-dia-internacional-de-la-ciudad-educadora-con-la-fiesta-de-la-naranja","status":"publish","type":"post","link":"https:\/\/alzira.es\/es\/la-concejalia-de-educacion-e-infancia-celebra-el-dia-internacional-de-la-ciudad-educadora-con-la-fiesta-de-la-naranja\/","title":{"rendered":"La concejal\u00eda de Educaci\u00f3n e Infancia celebra el D\u00eda Internacional de la Ciudad Educadora con la Fiesta de la Naranja"},"content":{"rendered":"<p style=\"text-align: justify;\"><strong><a href=\"https:\/\/alzira.es\/wp-content\/uploads\/2018\/11\/Cartell_Festa_de_la_Taronja.jpg\" target=\"_blank\" rel=\"noopener\"><img fetchpriority=\"high\" decoding=\"async\" class=\" alignleft size-full wp-image-36101\" style=\"margin-right: 10px; float: left;\" title=\"La concejal\u00eda de Educaci\u00f3n e Infancia celebra el D\u00eda Internacional de la Ciudad Educadora con la Fiesta de la Naranja\" src=\"https:\/\/alzira.es\/wp-content\/uploads\/2018\/11\/Cartell_Festa_de_la_Taronja.jpg\" alt=\"Cartell Festa de la Taronja\" width=\"428\" height=\"600\" \/><\/a>Alzira, 21 de noviembre de 2018. &#8211;<\/strong> La Concejal\u00eda de Educaci\u00f3n e Infancia ha organizado una serie de actividades para conmemorar el D\u00eda Internacional de la Ciudad Educadora, que se celebra el 30 de noviembre.<\/p>\n<p style=\"text-align: justify;\">Las actividades se realizar\u00e1n el s\u00e1bado 24 de este mes de noviembre en la plaza Mayor de 11 a 13.30 horas, con la Fiesta de la Naranja que incluye juegos, talleres, animaci\u00f3n infantil, actuaciones musicales y evidentemente&#8230; zumo de naranja.<\/p>\n<p style=\"text-align: justify;\">Ven y disfruta de la vitamina C y hazte un zumo de naranja,<\/p>\n<p style=\"text-align: justify;\">El concejal de Educaci\u00f3n e infancia, Pepe Grau, ha manifestado al respecto \u00abHay que recordar que la ciudad educadora apuesta por la educaci\u00f3n (formal, no formal e informal) como herramienta de transformaci\u00f3n social. Implica el compromiso con un modelo de ciudad basado en los principios de inclusi\u00f3n e igualdad de oportunidades, justicia social, democracia participativa, convivencia entre diferentes culturas, di\u00e1logo entre generaciones, promoci\u00f3n de un estilo de vida saludable y sostenible y cooperaci\u00f3n&#8230; principios que est\u00e1n recogidos en la Carta de Ciudades Educadoras, manifiesto que recoge los 20 principios que describen c\u00f3mo es, qu\u00e9 objetivos tiene y los \u00e1mbitos de actuaci\u00f3n de la ciudad educadora. La celebraci\u00f3n de esta fecha implica, principalmente, crear conciencia de la importancia de la educaci\u00f3n como motor de cambio en una sociedad y, por tanto, en el municipio en el que vivo, y por otra, hay que sumar aliados en favor del modelo de ciudad que se propone\u00bb.<\/p>\n<p style=\"text-align: justify;\">El concejal tambi\u00e9n ha querido aprovechar esta ocasi\u00f3n para invitar a todos a acudir a esta jornada festiva y disfrutar en familia.<\/p>\n","protected":false},"excerpt":{"rendered":"<p>Alzira, 21 de noviembre de 2018. &#8211; La Concejal\u00eda de Educaci\u00f3n e Infancia ha organizado una serie de actividades para conmemorar el D\u00eda Internacional de la Ciudad Educadora, que se celebra el 30 de noviembre. Las actividades se realizar\u00e1n el s\u00e1bado 24 de este mes de noviembre en la plaza Mayor de 11 a 13.30 &hellip; <\/p>\n<p class=\"link-more\"><a href=\"https:\/\/alzira.es\/es\/la-concejalia-de-educacion-e-infancia-celebra-el-dia-internacional-de-la-ciudad-educadora-con-la-fiesta-de-la-naranja\/\" class=\"more-link\">Continuar leyendo<span class=\"screen-reader-text\"> \u00abLa concejal\u00eda de Educaci\u00f3n e Infancia celebra el D\u00eda Internacional de la Ciudad Educadora con la Fiesta de la Naranja\u00bb<\/span><\/a><\/p>\n","protected":false},"author":12,"featured_media":36101,"comment_status":"","ping_status":"","sticky":false,"template":"","format":"standard","meta":{"_acf_changed":false,"footnotes":""},"categories":[4936],"tags":[],"class_list":["post-36103","post","type-post","status-publish","format-standard","has-post-thumbnail","hentry","category-hemeroteca-es"],"acf":[],"_links":{"self":[{"href":"https:\/\/alzira.es\/es\/wp-json\/wp\/v2\/posts\/36103","targetHints":{"allow":["GET"]}}],"collection":[{"href":"https:\/\/alzira.es\/es\/wp-json\/wp\/v2\/posts"}],"about":[{"href":"https:\/\/alzira.es\/es\/wp-json\/wp\/v2\/types\/post"}],"author":[{"embeddable":true,"href":"https:\/\/alzira.es\/es\/wp-json\/wp\/v2\/users\/12"}],"replies":[{"embeddable":true,"href":"https:\/\/alzira.es\/es\/wp-json\/wp\/v2\/comments?post=36103"}],"version-history":[{"count":0,"href":"https:\/\/alzira.es\/es\/wp-json\/wp\/v2\/posts\/36103\/revisions"}],"wp:featuredmedia":[{"embeddable":true,"href":"https:\/\/alzira.es\/es\/wp-json\/wp\/v2\/media\/36101"}],"wp:attachment":[{"href":"https:\/\/alzira.es\/es\/wp-json\/wp\/v2\/media?parent=36103"}],"wp:term":[{"taxonomy":"category","embeddable":true,"href":"https:\/\/alzira.es\/es\/wp-json\/wp\/v2\/categories?post=36103"},{"taxonomy":"post_tag","embeddable":true,"href":"https:\/\/alzira.es\/es\/wp-json\/wp\/v2\/tags?post=36103"}],"curies":[{"name":"wp","href":"https:\/\/api.w.org\/{rel}","templated":true}]}}