{"id":36087,"date":"2018-11-20T13:19:52","date_gmt":"2018-11-20T12:19:52","guid":{"rendered":"https:\/\/alzira.es\/esta-manana-se-ha-iniciado-el-proyecto-d-alzira-la-reganya-i-a-l-escola-la-tastaras\/"},"modified":"2018-11-20T13:19:52","modified_gmt":"2018-11-20T12:19:52","slug":"esta-manana-se-ha-iniciado-el-proyecto-d-alzira-la-reganya-i-a-l-escola-la-tastaras","status":"publish","type":"post","link":"https:\/\/alzira.es\/es\/esta-manana-se-ha-iniciado-el-proyecto-d-alzira-la-reganya-i-a-l-escola-la-tastaras\/","title":{"rendered":"Esta ma\u00f1ana se ha iniciado el Proyecto: \u00abd\u2019Alzira, la Regany\u00e0. I a l\u2019escola la tastar\u00e0s\u00bb"},"content":{"rendered":"<p style=\"text-align: justify;\">Esta ma\u00f1ana se ha repartido el cuento infantil: \u00abd&#8217;Alzira, la Regany\u00e0. I a l&#8217;escola la tastar\u00e0s\u00bb a las y los alumnos de Primaria del CEIP Luis Vives, tambi\u00e9n se ha iniciado el taller de elaboraci\u00f3n de la regany\u00e0 por los maestros panaderos.<\/p>\n<p style=\"text-align: justify;\">Este taller forma parte de la difusi\u00f3n de la regany\u00e0 en nuestra localidad, permitiendo a los alumnos conocer de primera mano la historia y la elaboraci\u00f3n de un producto t\u00edpico y caracter\u00edstico de su ciudad, as\u00ed como conocer el trabajo de los profesionales que la realizan. Durante la actividad, un maestro panadero se ha encargado de facilitar el orden de los pasos y su debida explicaci\u00f3n durante la elaboraci\u00f3n. Tambi\u00e9n se ha explicado los beneficios alimenticios de los productos artesanos.<\/p>\n<p style=\"text-align: justify;\">Iv\u00e1n Mart\u00ednez, concejal del \u00c1rea: \u00abDesde el Ayuntamiento nos propusimos como uno de nuestros objetivos poner en valor nuestros productos locales como la regany\u00e0, para potenciar nuestro comercio y gastronom\u00eda, as\u00ed como el trabajo de los profesionales panaderos de nuestra ciudad. Hemos llevado la regany\u00e0 a varios cert\u00e1menes, tambi\u00e9n internacionales, pero tambi\u00e9n queremos dar a conocer nuestros hornos tradicionales a los m\u00e1s peque\u00f1os de Alzira\u00bb.<\/p>\n<p style=\"text-align: center;\"><a href=\"https:\/\/alzira.es\/wp-content\/uploads\/2018\/11\/IMG_5221.jpg\" target=\"_blank\" rel=\"noopener\"><img fetchpriority=\"high\" decoding=\"async\" class=\" size-full wp-image-36080\" title=\"Esta ma\u00f1ana se ha iniciado el Proyecto: &quot;d\u2019Alzira, la Regany\u00e0. I a l\u2019escola la tastar\u00e0s&quot;\" src=\"https:\/\/alzira.es\/wp-content\/uploads\/2018\/11\/IMG_5221.jpg\" alt=\"IMG 5221\" width=\"400\" height=\"267\" \/><\/a>&nbsp;<a href=\"https:\/\/alzira.es\/wp-content\/uploads\/2018\/11\/IMG_5226.jpg\" target=\"_blank\" rel=\"noopener\"><img decoding=\"async\" class=\"size-full wp-image-36084 lazyload\" title=\"Esta ma\u00f1ana se ha iniciado el Proyecto: &quot;d\u2019Alzira, la Regany\u00e0. I a l\u2019escola la tastar\u00e0s&quot;\" data-src=\"https:\/\/alzira.es\/wp-content\/uploads\/2018\/11\/IMG_5226.jpg\" alt=\"IMG 5226\" width=\"400\" height=\"267\" src=\"data:image\/svg+xml;base64,PHN2ZyB3aWR0aD0iMSIgaGVpZ2h0PSIxIiB4bWxucz0iaHR0cDovL3d3dy53My5vcmcvMjAwMC9zdmciPjwvc3ZnPg==\" style=\"--smush-placeholder-width: 400px; --smush-placeholder-aspect-ratio: 400\/267;\" \/><\/a><\/p>\n","protected":false},"excerpt":{"rendered":"<p>Esta ma\u00f1ana se ha repartido el cuento infantil: \u00abd&#8217;Alzira, la Regany\u00e0. I a l&#8217;escola la tastar\u00e0s\u00bb a las y los alumnos de Primaria del CEIP Luis Vives, tambi\u00e9n se ha iniciado el taller de elaboraci\u00f3n de la regany\u00e0 por los maestros panaderos. Este taller forma parte de la difusi\u00f3n de la regany\u00e0 en nuestra localidad, &hellip; <\/p>\n<p class=\"link-more\"><a href=\"https:\/\/alzira.es\/es\/esta-manana-se-ha-iniciado-el-proyecto-d-alzira-la-reganya-i-a-l-escola-la-tastaras\/\" class=\"more-link\">Continuar leyendo<span class=\"screen-reader-text\"> \u00abEsta ma\u00f1ana se ha iniciado el Proyecto: \u00abd\u2019Alzira, la Regany\u00e0. I a l\u2019escola la tastar\u00e0s\u00bb\u00bb<\/span><\/a><\/p>\n","protected":false},"author":12,"featured_media":36081,"comment_status":"","ping_status":"","sticky":false,"template":"","format":"standard","meta":{"_acf_changed":false,"footnotes":""},"categories":[4936],"tags":[],"class_list":["post-36087","post","type-post","status-publish","format-standard","has-post-thumbnail","hentry","category-hemeroteca-es"],"acf":[],"_links":{"self":[{"href":"https:\/\/alzira.es\/es\/wp-json\/wp\/v2\/posts\/36087","targetHints":{"allow":["GET"]}}],"collection":[{"href":"https:\/\/alzira.es\/es\/wp-json\/wp\/v2\/posts"}],"about":[{"href":"https:\/\/alzira.es\/es\/wp-json\/wp\/v2\/types\/post"}],"author":[{"embeddable":true,"href":"https:\/\/alzira.es\/es\/wp-json\/wp\/v2\/users\/12"}],"replies":[{"embeddable":true,"href":"https:\/\/alzira.es\/es\/wp-json\/wp\/v2\/comments?post=36087"}],"version-history":[{"count":0,"href":"https:\/\/alzira.es\/es\/wp-json\/wp\/v2\/posts\/36087\/revisions"}],"wp:featuredmedia":[{"embeddable":true,"href":"https:\/\/alzira.es\/es\/wp-json\/wp\/v2\/media\/36081"}],"wp:attachment":[{"href":"https:\/\/alzira.es\/es\/wp-json\/wp\/v2\/media?parent=36087"}],"wp:term":[{"taxonomy":"category","embeddable":true,"href":"https:\/\/alzira.es\/es\/wp-json\/wp\/v2\/categories?post=36087"},{"taxonomy":"post_tag","embeddable":true,"href":"https:\/\/alzira.es\/es\/wp-json\/wp\/v2\/tags?post=36087"}],"curies":[{"name":"wp","href":"https:\/\/api.w.org\/{rel}","templated":true}]}}