{"id":36078,"date":"2018-11-20T12:40:23","date_gmt":"2018-11-20T11:40:23","guid":{"rendered":"https:\/\/alzira.es\/alzira-amplia-en-20-000-euros-mes-els-contractes-dels-treballadors-agricoles-del-sepe\/"},"modified":"2018-11-20T12:40:23","modified_gmt":"2018-11-20T11:40:23","slug":"alzira-amplia-en-20-000-euros-mes-els-contractes-dels-treballadors-agricoles-del-sepe","status":"publish","type":"post","link":"https:\/\/alzira.es\/es\/alzira-amplia-en-20-000-euros-mes-els-contractes-dels-treballadors-agricoles-del-sepe\/","title":{"rendered":"Alzira amplia en 20.000 euros m\u00e9s els contractes dels treballadors agr\u00edcoles del SEPE"},"content":{"rendered":"<p style=\"text-align: justify;\"><strong><a href=\"https:\/\/alzira.es\/wp-content\/uploads\/2018\/11\/IMG_5179.jpg\" target=\"_blank\" rel=\"noopener\"><img fetchpriority=\"high\" decoding=\"async\" class=\" alignleft size-full wp-image-36073\" style=\"margin-right: 10px; float: left;\" title=\"Alzira amplia en 20.000 euros m\u00e9s els contractes dels treballadors agr\u00edcoles del SEPE\" src=\"https:\/\/alzira.es\/wp-content\/uploads\/2018\/11\/IMG_5179.jpg\" alt=\"IMG 5179\" width=\"600\" height=\"400\" \/><\/a>Alzira, 20 de novembre del 2018.<\/strong> L&#8217;Ajuntament d&#8217;Alzira a trav\u00e9s de la regidoria de Desenvolupament Econ\u00f2mic, Treball i Projectes Europeus i IDEA, ha ampliat en 19.410 euros per a contractes dels treballadors desocupats agraris fins a finalitzar aquest any, dins el marc dels convenis de col\u2022laboraci\u00f3 del Servei P\u00fablic d&#8217;Ocupaci\u00f3 Estatal (SEPE), per a l&#8217;execuci\u00f3 de l&#8217;obra de millores per al desenvolupament rural d&#8217;Alzira.<\/p>\n<p style=\"text-align: justify;\">L&#8217;Ajuntament d&#8217; Alzira, a trav\u00e9s del programa de Foment d&#8217;Ocupaci\u00f3 Agr\u00e0ria, invertir\u00e0 20.857 euros m\u00e9s en la ciutat, dins el marc dels convenis de col\u2022laboraci\u00f3 del Servei P\u00fablic d&#8217;Ocupaci\u00f3 Estatal (SEPE) amb les corporacions locals. Cal dir que ja enguany la quantitat total ha ascendit a 206.032 euros, la major quantitat fins a la data. Cal dir que el passat mes de juliol foren contractats durant dos mesos 81 treballadors\/es agr\u00edcoles.<\/p>\n<p style=\"text-align: justify;\">Segons explica Ivan Mart\u00ednez, regidor de Desenvolupament Econ\u00f2mic i Treball: \u00abes tracta de projectes per a pal\u2022liar la desocupaci\u00f3 agr\u00edcola eventual, per a garantir als treballadors del Sistema Especial Agrari un complement de renda amb Plans Especials d&#8217;Ocupaci\u00f3. A trav\u00e9s d&#8217;aquestes actuacions, d&#8217;encarregats, capatassos i peons agr\u00edcoles, es pret\u00e9n la millora del drenatge de llits, adequaci\u00f3 de camins rurals o parcel\u2022les municipals, millora d&#8217;espais ambientals, etc.\u00bb<\/p>\n<p style=\"text-align: justify;\">&nbsp;<\/p>\n","protected":false},"excerpt":{"rendered":"<p>Alzira, 20 de novembre del 2018. L&#8217;Ajuntament d&#8217;Alzira a trav\u00e9s de la regidoria de Desenvolupament Econ\u00f2mic, Treball i Projectes Europeus i IDEA, ha ampliat en 19.410 euros per a contractes dels treballadors desocupats agraris fins a finalitzar aquest any, dins el marc dels convenis de col\u2022laboraci\u00f3 del Servei P\u00fablic d&#8217;Ocupaci\u00f3 Estatal (SEPE), per a l&#8217;execuci\u00f3 &hellip; <\/p>\n<p class=\"link-more\"><a href=\"https:\/\/alzira.es\/es\/alzira-amplia-en-20-000-euros-mes-els-contractes-dels-treballadors-agricoles-del-sepe\/\" class=\"more-link\">Continuar leyendo<span class=\"screen-reader-text\"> \u00abAlzira amplia en 20.000 euros m\u00e9s els contractes dels treballadors agr\u00edcoles del SEPE\u00bb<\/span><\/a><\/p>\n","protected":false},"author":12,"featured_media":36073,"comment_status":"","ping_status":"","sticky":false,"template":"","format":"standard","meta":{"_acf_changed":false,"footnotes":""},"categories":[],"tags":[],"class_list":["post-36078","post","type-post","status-publish","format-standard","has-post-thumbnail","hentry"],"acf":[],"_links":{"self":[{"href":"https:\/\/alzira.es\/es\/wp-json\/wp\/v2\/posts\/36078","targetHints":{"allow":["GET"]}}],"collection":[{"href":"https:\/\/alzira.es\/es\/wp-json\/wp\/v2\/posts"}],"about":[{"href":"https:\/\/alzira.es\/es\/wp-json\/wp\/v2\/types\/post"}],"author":[{"embeddable":true,"href":"https:\/\/alzira.es\/es\/wp-json\/wp\/v2\/users\/12"}],"replies":[{"embeddable":true,"href":"https:\/\/alzira.es\/es\/wp-json\/wp\/v2\/comments?post=36078"}],"version-history":[{"count":0,"href":"https:\/\/alzira.es\/es\/wp-json\/wp\/v2\/posts\/36078\/revisions"}],"wp:featuredmedia":[{"embeddable":true,"href":"https:\/\/alzira.es\/es\/wp-json\/wp\/v2\/media\/36073"}],"wp:attachment":[{"href":"https:\/\/alzira.es\/es\/wp-json\/wp\/v2\/media?parent=36078"}],"wp:term":[{"taxonomy":"category","embeddable":true,"href":"https:\/\/alzira.es\/es\/wp-json\/wp\/v2\/categories?post=36078"},{"taxonomy":"post_tag","embeddable":true,"href":"https:\/\/alzira.es\/es\/wp-json\/wp\/v2\/tags?post=36078"}],"curies":[{"name":"wp","href":"https:\/\/api.w.org\/{rel}","templated":true}]}}