{"id":36076,"date":"2018-11-20T12:40:23","date_gmt":"2018-11-20T11:40:23","guid":{"rendered":"https:\/\/alzira.es\/alzira-amplia-en-20-000-euros-mas-los-contratos-de-los-trabajadores-agricolas-del-sepe\/"},"modified":"2021-10-07T10:54:00","modified_gmt":"2021-10-07T08:54:00","slug":"alzira-amplia-en-20-000-euros-mas-los-contratos-de-los-trabajadores-agricolas-del-sepe","status":"publish","type":"post","link":"https:\/\/alzira.es\/es\/alzira-amplia-en-20-000-euros-mas-los-contratos-de-los-trabajadores-agricolas-del-sepe\/","title":{"rendered":"Alzira ampl\u00eda en 20.000 euros m\u00e1s los contratos de los trabajadores agr\u00edcolas del SEPE"},"content":{"rendered":"<p style=\"text-align: justify;\"><strong>Alzira, 20 de noviembre de 2018.<\/strong> El Ayuntamiento de Alzira a trav\u00e9s de la concejal\u00eda de Desarrollo Econ\u00f3mico, Trabajo y Proyectos Europeos e IDEA, ha ampliado en 19.410 euros para contratos de los trabajadores desempleados agrarios hasta finalizar este a\u00f1o, dentro del marco de los convenios de colaboraci\u00f3n del Servicio P\u00fablico de Empleo Estatal (SEPE), para la ejecuci\u00f3n de las obras de mejora del desarrollo rural de Alzira.<\/p>\n<p style=\"text-align: justify;\">El Ayuntamiento de Alzira, a trav\u00e9s del programa de Fomento de Empleo Agrario, invertir\u00e1 20.857 euros m\u00e1s en la ciudad, dentro del marco de los convenios de colaboraci\u00f3n del Servicio P\u00fablico de Empleo Estatal (SEPE) con las corporaciones locales. Hay que decir que ya este a\u00f1o la cantidad total ha ascendido a 206.032 euros, la mayor cantidad hasta la fecha. Hay que decir que el pasado mes de julio fueron contratados durante dos meses 81 trabajadores\/as agr\u00edcolas.<\/p>\n<p style=\"text-align: justify;\">Seg\u00fan explica Iv\u00e1n Mart\u00ednez, concejal de Desarrollo Econ\u00f3mico y Trabajo: \u00abse trata de proyectos para posteliar el desempleo agr\u00edcola eventual, para garantizar a los trabajadores del Sistema Especial Agrario un complemento de renta con Planes Especiales de Empleo. A trav\u00e9s de estas actuaciones, de encargados, capataces y peones agr\u00edcolas, se pretende la mejora del drenaje de camas, adecuaci\u00f3n de caminos rurales o parcelas municipales, mejora de espacios ambientales, etc.\u00bb<\/p>\n","protected":false},"excerpt":{"rendered":"<p>Alzira, 20 de noviembre de 2018. El Ayuntamiento de Alzira a trav\u00e9s de la concejal\u00eda de Desarrollo Econ\u00f3mico, Trabajo y Proyectos Europeos e IDEA, ha ampliado en 19.410 euros para contratos de los trabajadores desempleados agrarios hasta finalizar este a\u00f1o, dentro del marco de los convenios de colaboraci\u00f3n del Servicio P\u00fablico de Empleo Estatal (SEPE), &hellip; <\/p>\n<p class=\"link-more\"><a href=\"https:\/\/alzira.es\/es\/alzira-amplia-en-20-000-euros-mas-los-contratos-de-los-trabajadores-agricolas-del-sepe\/\" class=\"more-link\">Continuar leyendo<span class=\"screen-reader-text\"> \u00abAlzira ampl\u00eda en 20.000 euros m\u00e1s los contratos de los trabajadores agr\u00edcolas del SEPE\u00bb<\/span><\/a><\/p>\n","protected":false},"author":12,"featured_media":34566,"comment_status":"closed","ping_status":"closed","sticky":false,"template":"","format":"standard","meta":{"_acf_changed":false,"footnotes":""},"categories":[4936],"tags":[],"class_list":["post-36076","post","type-post","status-publish","format-standard","has-post-thumbnail","hentry","category-hemeroteca-es"],"acf":[],"_links":{"self":[{"href":"https:\/\/alzira.es\/es\/wp-json\/wp\/v2\/posts\/36076","targetHints":{"allow":["GET"]}}],"collection":[{"href":"https:\/\/alzira.es\/es\/wp-json\/wp\/v2\/posts"}],"about":[{"href":"https:\/\/alzira.es\/es\/wp-json\/wp\/v2\/types\/post"}],"author":[{"embeddable":true,"href":"https:\/\/alzira.es\/es\/wp-json\/wp\/v2\/users\/12"}],"replies":[{"embeddable":true,"href":"https:\/\/alzira.es\/es\/wp-json\/wp\/v2\/comments?post=36076"}],"version-history":[{"count":1,"href":"https:\/\/alzira.es\/es\/wp-json\/wp\/v2\/posts\/36076\/revisions"}],"predecessor-version":[{"id":101989,"href":"https:\/\/alzira.es\/es\/wp-json\/wp\/v2\/posts\/36076\/revisions\/101989"}],"wp:featuredmedia":[{"embeddable":true,"href":"https:\/\/alzira.es\/es\/wp-json\/wp\/v2\/media\/34566"}],"wp:attachment":[{"href":"https:\/\/alzira.es\/es\/wp-json\/wp\/v2\/media?parent=36076"}],"wp:term":[{"taxonomy":"category","embeddable":true,"href":"https:\/\/alzira.es\/es\/wp-json\/wp\/v2\/categories?post=36076"},{"taxonomy":"post_tag","embeddable":true,"href":"https:\/\/alzira.es\/es\/wp-json\/wp\/v2\/tags?post=36076"}],"curies":[{"name":"wp","href":"https:\/\/api.w.org\/{rel}","templated":true}]}}