{"id":36068,"date":"2018-11-20T12:16:45","date_gmt":"2018-11-20T11:16:45","guid":{"rendered":"https:\/\/alzira.es\/la-tamborada-de-alzira-candidata-a-patrimonio-inmaterial-de-la-humanidad\/"},"modified":"2018-11-20T12:16:45","modified_gmt":"2018-11-20T11:16:45","slug":"la-tamborada-de-alzira-candidata-a-patrimonio-inmaterial-de-la-humanidad","status":"publish","type":"post","link":"https:\/\/alzira.es\/es\/la-tamborada-de-alzira-candidata-a-patrimonio-inmaterial-de-la-humanidad\/","title":{"rendered":"La Tamborada de Alzira, candidata a Patrimonio Inmaterial de la Humanidad"},"content":{"rendered":"<p style=\"text-align: justify;\"><a href=\"https:\/\/alzira.es\/wp-content\/uploads\/2018\/11\/tamborada_candidata_def-04.jpg\" target=\"_blank\" rel=\"noopener\"><img fetchpriority=\"high\" decoding=\"async\" class=\" alignleft size-full wp-image-36065\" style=\"margin-right: 10px; float: left;\" title=\"La Tamborada de Alzira, candidata a Patrimonio Inmaterial de la Humanidad\" src=\"https:\/\/alzira.es\/wp-content\/uploads\/2018\/11\/tamborada_candidata_def-04.jpg\" alt=\"tamborada candidata def-04\" width=\"425\" height=\"600\" srcset=\"https:\/\/alzira.es\/wp-content\/uploads\/2018\/11\/tamborada_candidata_def-04.jpg 843w, https:\/\/alzira.es\/wp-content\/uploads\/2018\/11\/tamborada_candidata_def-04-361x510.jpg 361w, https:\/\/alzira.es\/wp-content\/uploads\/2018\/11\/tamborada_candidata_def-04-759x1072.jpg 759w, https:\/\/alzira.es\/wp-content\/uploads\/2018\/11\/tamborada_candidata_def-04-768x1085.jpg 768w\" sizes=\"(max-width: 425px) 100vw, 425px\" \/><\/a>Las \u00abTamboradas Rituales del Toque del Tambor\u00bb optan a ser Patrimonio Cultural Inmaterial de la Humanidad por la UNESCO. La proposici\u00f3n se refiere a la riqueza cultural que posee el toque de tambor y el bombo en el pa\u00eds. Las localidades candidatas est\u00e1n repartidas por varias provincias como: Albacete, Castell\u00f3n, C\u00f3rdoba, Murcia, Teruel y Valencia donde Alzira es la \u00fanica de toda la provincia candidata a dicha catalogaci\u00f3n, lo que supondr\u00eda un importante reconocimiento a una de las manifestaciones m\u00e1s destacables ligadas a la Semana Santa, como lo es la Tamborada.<\/p>\n<p style=\"text-align: justify;\">\u00abEl Ayuntamiento, desde la Concejal\u00eda de Fiestas, da todo el apoyo a la candidatura y lo tenemos todo previsto para, en caso de obtener la declaraci\u00f3n a finales de este mes o principios de diciembre, poder celebrarlo como es debido\u00bb, se\u00f1ala Isabel Aguilar, vicealcaldesa y concejala de Fiestas y Turismo.<\/p>\n<p style=\"text-align: justify;\">Por su parte, el presidente de la Junta de Hermandades y Cofrad\u00edas, Vicent F\u00e1bregues, tiene el pleno convencimiento de que la Tamborada de Alzira, junto con las de las otras localidades que tambi\u00e9n optan a dicha candidatura, conseguir\u00e1 ser declarada Patrimonio Inmaterial de la Humanidad. \u00abEsto supondr\u00e1 un aliciente m\u00e1s que habr\u00e1 que a\u00f1adir al inter\u00e9s que despierta nuestra Semana Santa, as\u00ed como todas las actividades paralelas que giran en torno a ella\u00bb, seg\u00fan F\u00e1bregues.<\/p>\n","protected":false},"excerpt":{"rendered":"<p>Las \u00abTamboradas Rituales del Toque del Tambor\u00bb optan a ser Patrimonio Cultural Inmaterial de la Humanidad por la UNESCO. La proposici\u00f3n se refiere a la riqueza cultural que posee el toque de tambor y el bombo en el pa\u00eds. Las localidades candidatas est\u00e1n repartidas por varias provincias como: Albacete, Castell\u00f3n, C\u00f3rdoba, Murcia, Teruel y Valencia &hellip; <\/p>\n<p class=\"link-more\"><a href=\"https:\/\/alzira.es\/es\/la-tamborada-de-alzira-candidata-a-patrimonio-inmaterial-de-la-humanidad\/\" class=\"more-link\">Continuar leyendo<span class=\"screen-reader-text\"> \u00abLa Tamborada de Alzira, candidata a Patrimonio Inmaterial de la Humanidad\u00bb<\/span><\/a><\/p>\n","protected":false},"author":12,"featured_media":36066,"comment_status":"","ping_status":"","sticky":false,"template":"","format":"standard","meta":{"_acf_changed":false,"footnotes":""},"categories":[4936],"tags":[],"class_list":["post-36068","post","type-post","status-publish","format-standard","has-post-thumbnail","hentry","category-hemeroteca-es"],"acf":[],"_links":{"self":[{"href":"https:\/\/alzira.es\/es\/wp-json\/wp\/v2\/posts\/36068","targetHints":{"allow":["GET"]}}],"collection":[{"href":"https:\/\/alzira.es\/es\/wp-json\/wp\/v2\/posts"}],"about":[{"href":"https:\/\/alzira.es\/es\/wp-json\/wp\/v2\/types\/post"}],"author":[{"embeddable":true,"href":"https:\/\/alzira.es\/es\/wp-json\/wp\/v2\/users\/12"}],"replies":[{"embeddable":true,"href":"https:\/\/alzira.es\/es\/wp-json\/wp\/v2\/comments?post=36068"}],"version-history":[{"count":0,"href":"https:\/\/alzira.es\/es\/wp-json\/wp\/v2\/posts\/36068\/revisions"}],"wp:featuredmedia":[{"embeddable":true,"href":"https:\/\/alzira.es\/es\/wp-json\/wp\/v2\/media\/36066"}],"wp:attachment":[{"href":"https:\/\/alzira.es\/es\/wp-json\/wp\/v2\/media?parent=36068"}],"wp:term":[{"taxonomy":"category","embeddable":true,"href":"https:\/\/alzira.es\/es\/wp-json\/wp\/v2\/categories?post=36068"},{"taxonomy":"post_tag","embeddable":true,"href":"https:\/\/alzira.es\/es\/wp-json\/wp\/v2\/tags?post=36068"}],"curies":[{"name":"wp","href":"https:\/\/api.w.org\/{rel}","templated":true}]}}