{"id":36027,"date":"2018-11-19T12:55:47","date_gmt":"2018-11-19T11:55:47","guid":{"rendered":"https:\/\/alzira.es\/unisocietat-presenta-per-al-mes-de-novembre-la-conferencia-todo-lo-que-querias-saber-sobre-los-impuestos-y-nunca-te-has-atrevido-a-preguntar\/"},"modified":"2018-11-19T12:55:47","modified_gmt":"2018-11-19T11:55:47","slug":"unisocietat-presenta-per-al-mes-de-novembre-la-conferencia-todo-lo-que-querias-saber-sobre-los-impuestos-y-nunca-te-has-atrevido-a-preguntar","status":"publish","type":"post","link":"https:\/\/alzira.es\/es\/unisocietat-presenta-per-al-mes-de-novembre-la-conferencia-todo-lo-que-querias-saber-sobre-los-impuestos-y-nunca-te-has-atrevido-a-preguntar\/","title":{"rendered":"UNISOCIETAT presenta per al mes de novembre la confer\u00e8ncia \u201cTodo lo que quer\u00edas saber sobre los impuestos y nunca te has atrevido a preguntar\u201d"},"content":{"rendered":"<p style=\"text-align: justify;\"><strong><a href=\"https:\/\/alzira.es\/wp-content\/uploads\/2018\/11\/Conferencia_Noviembre_Alzira.jpg\" target=\"_blank\" rel=\"noopener\"><img fetchpriority=\"high\" decoding=\"async\" class=\" alignleft size-full wp-image-36021\" style=\"margin-right: 10px; float: left;\" title=\"UNISOCIETAT presenta per al mes de novembre la confer\u00e8ncia \u201cTodo lo que quer\u00edas saber sobre los impuestos y nunca te has atrevido a preguntar\u201d\" src=\"https:\/\/alzira.es\/wp-content\/uploads\/2018\/11\/Conferencia_Noviembre_Alzira.jpg\" alt=\"Conferencia Noviembre Alzira\" width=\"400\" height=\"566\" \/><\/a>Alzira, 17 de novembre de 2018 &#8211; <\/strong>El programa Unisocietat presenta per al mes de novembre la confer\u00e8ncia, a c\u00e0rrec de Pura Peris Garc\u00eda, \u00abTodo lo que quer\u00edas saber sobre los impuestos y nunca te has atrevido a preguntar\u00bbel dimarts 20 de novembre de 2018, a les 19:00 hores, en la Sala Multiusos annexa al CFPA. Una sala que s&#8217;ha condicionat amb la intenci\u00f3 de poder celebrar les confer\u00e8ncies d&#8217;UNISOCIETAT i altres activitats educatives amb col\u2022laboraci\u00f3 de la Universitat de Val\u00e8ncia, del CEFIRE com tamb\u00e9 altres esdeveniments d&#8217;entitats culturals i associatives d&#8217;Alzira.<\/p>\n<p style=\"text-align: justify;\">Recordem que el programa Universitat i Societat \u00e9s una iniciativa conjunta de l&#8217;Ajuntament d&#8217;Alzira amb la Universitat de Val\u00e8ncia, a trav\u00e9s del Vicerectorat de Participaci\u00f3 i Projecci\u00f3 Territorial, que oferix formaci\u00f3 multidisciplinar b\u00e0sica a persones de 30 anys o m\u00e9s, residents al municipi i la comarca de la Ribera Alta, que tinguen inquietud per aprendre i motivaci\u00f3 per la cultura.<\/p>\n<p style=\"text-align: justify;\">El regidor d&#8217;Educaci\u00f3 i Inf\u00e0ncia, Pepe Grau, insistix a destacar la import\u00e0ncia de les confer\u00e8ncies organitzades per la Universitat de Val\u00e8ncia i l&#8217;Ajuntament d&#8217;Alzira: \u00abLes confer\u00e8ncies d&#8217;UNISOCIETAT, com sempre estan obertes a tot el p\u00fablic en general i s\u00f3n grans ocasions d&#8217;aprenentatge per totes aquelles persones que volen continuar cultivant el seu saber, gent amb curiositats i inquietuds. S\u00f3n una altra ferramenta amb la obrim finestres a temes i q\u00fcestions atractives i interessants que no hem de perdre&#8217;ns\u00bb.<\/p>\n<p style=\"text-align: justify;\"><strong>&nbsp;<\/strong><\/p>\n","protected":false},"excerpt":{"rendered":"<p>Alzira, 17 de novembre de 2018 &#8211; El programa Unisocietat presenta per al mes de novembre la confer\u00e8ncia, a c\u00e0rrec de Pura Peris Garc\u00eda, \u00abTodo lo que quer\u00edas saber sobre los impuestos y nunca te has atrevido a preguntar\u00bbel dimarts 20 de novembre de 2018, a les 19:00 hores, en la Sala Multiusos annexa al &hellip; <\/p>\n<p class=\"link-more\"><a href=\"https:\/\/alzira.es\/es\/unisocietat-presenta-per-al-mes-de-novembre-la-conferencia-todo-lo-que-querias-saber-sobre-los-impuestos-y-nunca-te-has-atrevido-a-preguntar\/\" class=\"more-link\">Continuar leyendo<span class=\"screen-reader-text\"> \u00abUNISOCIETAT presenta per al mes de novembre la confer\u00e8ncia \u201cTodo lo que quer\u00edas saber sobre los impuestos y nunca te has atrevido a preguntar\u201d\u00bb<\/span><\/a><\/p>\n","protected":false},"author":12,"featured_media":36021,"comment_status":"","ping_status":"","sticky":false,"template":"","format":"standard","meta":{"_acf_changed":false,"footnotes":""},"categories":[],"tags":[],"class_list":["post-36027","post","type-post","status-publish","format-standard","has-post-thumbnail","hentry"],"acf":[],"_links":{"self":[{"href":"https:\/\/alzira.es\/es\/wp-json\/wp\/v2\/posts\/36027","targetHints":{"allow":["GET"]}}],"collection":[{"href":"https:\/\/alzira.es\/es\/wp-json\/wp\/v2\/posts"}],"about":[{"href":"https:\/\/alzira.es\/es\/wp-json\/wp\/v2\/types\/post"}],"author":[{"embeddable":true,"href":"https:\/\/alzira.es\/es\/wp-json\/wp\/v2\/users\/12"}],"replies":[{"embeddable":true,"href":"https:\/\/alzira.es\/es\/wp-json\/wp\/v2\/comments?post=36027"}],"version-history":[{"count":0,"href":"https:\/\/alzira.es\/es\/wp-json\/wp\/v2\/posts\/36027\/revisions"}],"wp:featuredmedia":[{"embeddable":true,"href":"https:\/\/alzira.es\/es\/wp-json\/wp\/v2\/media\/36021"}],"wp:attachment":[{"href":"https:\/\/alzira.es\/es\/wp-json\/wp\/v2\/media?parent=36027"}],"wp:term":[{"taxonomy":"category","embeddable":true,"href":"https:\/\/alzira.es\/es\/wp-json\/wp\/v2\/categories?post=36027"},{"taxonomy":"post_tag","embeddable":true,"href":"https:\/\/alzira.es\/es\/wp-json\/wp\/v2\/tags?post=36027"}],"curies":[{"name":"wp","href":"https:\/\/api.w.org\/{rel}","templated":true}]}}